{"id":2593,"date":"2022-11-30T14:54:14","date_gmt":"2022-11-30T13:54:14","guid":{"rendered":"https:\/\/www.institut-prevention-sante-longevite.fr\/?p=2593"},"modified":"2022-12-02T10:50:39","modified_gmt":"2022-12-02T09:50:39","slug":"face-a-un-risque-eleve-de-maladie-dalzheimer-lacteur-chris-hemsworth-met-sa-carriere-en-pause","status":"publish","type":"post","link":"https:\/\/www.institut-prevention-sante-longevite.fr\/fr\/face-a-un-risque-eleve-de-maladie-dalzheimer-lacteur-chris-hemsworth-met-sa-carriere-en-pause\/","title":{"rendered":"Face \u00e0 un risque \u00e9lev\u00e9 de maladie d\u2019Alzheimer, l\u2019acteur Chris Hemsworth met sa carri\u00e8re en pause"},"content":{"rendered":"\n<p>Publi\u00e9 le&nbsp;21\/11\/2022 \u00e0 13h22 , mis \u00e0 jour le&nbsp;21\/11\/2022 \u00e0 13h22<\/p>\n\n\n\n<p>Par <a href=\"https:\/\/www.doctissimo.fr\/equipe\/auteurs\/sihem-boultif\">https:\/\/www.doctissimo.fr\/equipe\/auteurs\/sihem-boultif<\/a><\/p>\n\n\n\n<p>Journaliste sant\u00e9<\/p>\n\n\n\n<p>en collaboration avec <strong><a href=\"https:\/\/fr.wikipedia.org\/wiki\/Christophe_de_Jaeger\" target=\"_blank\" rel=\"noreferrer noopener\">Docteur Christophe de Jaeger<\/a><\/strong> (Long\u00e9vit\u00e9 et g\u00e9riatrie)<\/p>\n\n\n\n<p>Acteur australien connu pour ses prestations dans la saga de films Thor, Chris Hemsworth a pass\u00e9 un test sanguin pour les besoins d\u2019un tournage. C\u2019est ainsi qu\u2019il a appris qu\u2019il \u00e9tait particuli\u00e8rement pr\u00e9dispos\u00e9 \u00e0 la maladie d\u2019Alzheimer avec un risque multipli\u00e9 par 10. Comment se d\u00e9roule ce test ? Que cela signifie-t-il pour Chris Hemsworth ? Les explications du <strong><a href=\"https:\/\/fr.wikipedia.org\/wiki\/Christophe_de_Jaeger\" target=\"_blank\" rel=\"noreferrer noopener\">Docteur Christophe de Jaeger<\/a><\/strong>, m\u00e9decin physiologiste et membre du comit\u00e9 d\u2019experts de Doctissimo.<\/p>\n\n\n\n<p class=\"has-black-color has-text-color has-medium-font-size\" style=\"font-style:normal;font-weight:700\">Sommaire<\/p>\n\n\n\n<p class=\"has-black-color has-text-color has-medium-font-size\" style=\"font-style:normal;font-weight:700\">&nbsp;&nbsp;&nbsp; Que sont ces tests pr\u00e9dictifs ?<\/p>\n\n\n\n<p class=\"has-black-color has-text-color has-medium-font-size\" style=\"font-style:normal;font-weight:700\">&nbsp;&nbsp;&nbsp; Comment sont-ils prescrits ?<\/p>\n\n\n\n<p class=\"has-black-color has-text-color has-medium-font-size\" style=\"font-style:normal;font-weight:700\">&nbsp;&nbsp;&nbsp; Que doivent faire les personnes porteuses de ce type d\u2019all\u00e8les ?<\/p>\n\n\n\n<p>C\u2019est dans les colonnes du magazine Vanity Fair que Chris Hemsworth explique sa d\u00e9cision de mettre sa carri\u00e8re sur pause. \u00ab\u00a0Faire un \u00e9pisode sur la mort, faire face \u00e0 sa propre mortalit\u00e9 m&rsquo;a fait r\u00e9fl\u00e9chir. Oh mon Dieu, je ne suis pas encore pr\u00eat \u00e0 m&rsquo;en aller&#8230; Je veux m&rsquo;asseoir et vivre dans ce monde avec un plus grand sentiment de calme et de gratitude. Cela a vraiment d\u00e9clench\u00e9 quelque chose en moi et je veux prendre un peu de temps. J&rsquo;ai d\u00e9cid\u00e9 de prendre un long cong\u00e9 et juste simplifier ma vie. D&rsquo;\u00eatre avec mes enfants. D&rsquo;\u00eatre avec ma femme\u2026\u00a0\u00bb.<\/p>\n\n\n\n<p>Pour les besoins d\u2019un tournage, l\u2019acteur australien a pass\u00e9 des tests, qui lui ont r\u00e9v\u00e9l\u00e9 une forte pr\u00e9disposition \u00e0 certaines pathologies, dont la maladie d\u2019Alzheimer. C\u2019est pourquoi Chris Hemsworth annonce entamer une p\u00e9riode de cong\u00e9s, aupr\u00e8s des siens, afin de pouvoir prendre un peu de recul.<\/p>\n\n\n\n<p style=\"font-style:normal;font-weight:700\">Que sont ces tests pr\u00e9dictifs ?<\/p>\n\n\n\n<p>\u00ab\u00a0Il s\u2019agit d\u2019un test sanguin, facile \u00e0 r\u00e9aliser car il n\u00e9cessite une simple prise de sang, qui permet de doser une prot\u00e9ine dans le sang, l\u2019apolipoprot\u00e9ine E. Cette prot\u00e9ine est produite par le foie mais aussi par le cerveau. Il en existe diff\u00e9rentes versions : APOE1, APOE2, APOE3 et APOE4. La pr\u00e9sence de l\u2019APOE4 dans le sang pr\u00e9dispose \u00e0 un risque major\u00e9 \u00e0 certaines maladies et caract\u00e9ristiques de sant\u00e9. On retrouve une diminution de la long\u00e9vit\u00e9, une augmentation du cholest\u00e9rol dans le sang, une augmentation de la pr\u00e9valence de maladies comme Alzheimer ou certaines pathologies cardiovasculaires\u00a0\u00bb d\u00e9taille le <strong><a href=\"https:\/\/fr.wikipedia.org\/wiki\/Christophe_de_Jaeger\" target=\"_blank\" rel=\"noreferrer noopener\">Docteur Christophe de Jaeger<\/a><\/strong>, m\u00e9decin physiologiste et membre du comit\u00e9 d\u2019experts de Doctissimo.<\/p>\n\n\n\n<p>\u00ab\u00a0Le risque augmente davantage si l\u2019on est porteur des deux all\u00e8les du g\u00e8ne qui code pour cette prot\u00e9ine et cela semble \u00eatre le cas pour Chris Hemsworth. Il a donc jusqu\u2019\u00e0 15 fois plus de risques de d\u00e9velopper ces pathologies par rapport \u00e0 une personne lambda\u00a0\u00bb.<\/p>\n\n\n\n<p style=\"font-style:normal;font-weight:700\">Comment sont-ils prescrits ?<\/p>\n\n\n\n<p style=\"font-style:normal;font-weight:400\">Ces tests sont class\u00e9s dans la cat\u00e9gorie des d\u00e9pistages g\u00e9n\u00e9tiques. \u00ab\u00a0Tout d\u00e9pend des pays, mais en France, ce type de tests est tr\u00e8s encadr\u00e9. Cela se r\u00e9alise sur prescription m\u00e9dicale, il faut de bonnes raisons de le faire car cela peut bouleverser une vie. D\u2019ailleurs, les r\u00e9sultats de ce type de tests ne sont rendus qu\u2019au m\u00e9decin seul, c\u2019est lui qui doit ensuite les communiquer \u00e0 son patient\u00a0\u00bb ajoute <strong><a href=\"https:\/\/fr.wikipedia.org\/wiki\/Christophe_de_Jaeger\" target=\"_blank\" rel=\"noreferrer noopener\">Christophe de Jaeger<\/a>.<\/strong><\/p>\n\n\n\n<p style=\"font-style:normal;font-weight:700\">Que doivent faire les personnes porteuses de ce type d\u2019all\u00e8les ?<\/p>\n\n\n\n<p>Pour le sp\u00e9cialiste, les personnes qui sont ainsi davantage expos\u00e9es \u00e0 un risque g\u00e9n\u00e9tique de d\u00e9velopper certaines maladies plus pr\u00e9cocement au cours de leur vie doivent prendre leur sant\u00e9 en main. \u00ab\u00a0Ils doivent \u00e9viter les exc\u00e8s, ne pas fumer, faire du sport, prendre soin de leur hygi\u00e8ne de vie\u2026 Il leur faut un suivi m\u00e9dical plus rapproch\u00e9. N\u00e9anmoins, le m\u00e9canisme exact qui explique la survenue de telle ou telle maladie reste inconnu : les g\u00e8nes sont soumis \u00e0 de l\u2019\u00e9pig\u00e9n\u00e9tique. Cela veut dire que l\u2019environnement influence leur action ou leur non action\u00a0\u00bb conclut le <strong><a rel=\"noreferrer noopener\" href=\"https:\/\/fr.wikipedia.org\/wiki\/Christophe_de_Jaeger\" target=\"_blank\">Docteur Christophe de Jaeger<\/a><\/strong>.<\/p>\n\n\n\n<p>En agissant sur leur hygi\u00e8ne de vie, ces personnes peuvent r\u00e9duire le risque de d\u00e9velopper ces maladies. Ils peuvent \u00e9galement b\u00e9n\u00e9ficier de contr\u00f4le\/d\u00e9pistage plus fr\u00e9quent et donc d&rsquo;une prise en charge pr\u00e9coce plus efficace.<\/p>\n\n\n\n<p><strong><em>Sources<\/em><\/strong><\/p>\n\n\n\n<ul class=\"wp-block-list\">\n<li>Chris Hemsworth Changed His Life After an Ominous Health Warning &#8211; Vanity Fair &#8211; 17 nov 2022<\/li>\n\n\n\n<li>Entretien avec le <strong><a href=\"https:\/\/fr.wikipedia.org\/wiki\/Christophe_de_Jaeger\" target=\"_blank\" rel=\"noreferrer noopener\">Docteur Christophe de Jaeger<\/a><\/strong>, m\u00e9decin physiologiste et membre du comit\u00e9 d\u2019experts de Doctissimo auteur du livre<strong> <a rel=\"noreferrer noopener\" href=\"https:\/\/www.amazon.fr\/Bien-vieillir-m%C3%A9dicaments-Christophe-JAEGER\/dp\/2749148707\/ref=sr_1_1?keywords=bien+vieillir+sans+m%C3%A9dicaments&amp;qid=1669971923&amp;qu=eyJxc2MiOiIwLjAwIiwicXNhIjoiMC4wMCIsInFzcCI6IjAuMDAifQ%3D%3D&amp;sprefix=bien+vieill%2Caps%2C58&amp;sr=8-1\" target=\"_blank\">Bien vieillir sans m\u00e9dicaments<\/a><\/strong> aux Editions du Cherche Midi<\/li>\n<\/ul>\n\n\n\n<p><\/p>\n\n\n\n<p><a href=\"https:\/\/www.doctissimo.fr\/sante\/maladies\/maladies-neurologiques\/alzheimer\/facteurs-de-risque-de-la-maladie-dalzheimer\/face-a-un-risque-eleve-de-maladie-dalzheimer-lacteur-chris-hemsworth-met-sa-carriere-en-pause\/9b6bf0_ar.html\" target=\"_blank\" rel=\"noreferrer noopener\">https:\/\/www.doctissimo.fr\/sante\/maladies\/maladies-neurologiques\/alzheimer\/facteurs-de-risque-de-la-maladie-dalzheimer\/face-a-un-risque-eleve-de-maladie-dalzheimer-lacteur-chris-hemsworth-met-sa-carriere-en-pause\/9b6bf0_ar.html<\/a><\/p>\n","protected":false},"excerpt":{"rendered":"<p>Publi\u00e9 le&nbsp;21\/11\/2022 \u00e0 13h22 , mis \u00e0 jour le&nbsp;21\/11\/2022 \u00e0 13h22 Par https:\/\/www.doctissimo.fr\/equipe\/auteurs\/sihem-boultif Journaliste sant\u00e9 en collaboration avec Docteur Christophe de Jaeger (Long\u00e9vit\u00e9 et g\u00e9riatrie) Acteur australien connu pour ses prestations dans la saga de films Thor, Chris Hemsworth a pass\u00e9 un test sanguin pour les besoins d\u2019un tournage. C\u2019est ainsi qu\u2019il a appris qu\u2019il [&hellip;]<\/p>\n","protected":false},"author":5,"featured_media":2589,"comment_status":"closed","ping_status":"closed","sticky":false,"template":"","format":"standard","meta":{"_acf_changed":false,"_jetpack_memberships_contains_paid_content":false,"footnotes":""},"categories":[40],"tags":[],"class_list":["post-2593","post","type-post","status-publish","format-standard","has-post-thumbnail","hentry","category-actualites"],"acf":[],"jetpack_featured_media_url":"https:\/\/i0.wp.com\/www.institut-prevention-sante-longevite.fr\/wp-content\/uploads\/2022\/11\/1669033329152.jpeg?fit=720%2C420&ssl=1","jetpack_sharing_enabled":true,"_links":{"self":[{"href":"https:\/\/www.institut-prevention-sante-longevite.fr\/fr\/wp-json\/wp\/v2\/posts\/2593","targetHints":{"allow":["GET"]}}],"collection":[{"href":"https:\/\/www.institut-prevention-sante-longevite.fr\/fr\/wp-json\/wp\/v2\/posts"}],"about":[{"href":"https:\/\/www.institut-prevention-sante-longevite.fr\/fr\/wp-json\/wp\/v2\/types\/post"}],"author":[{"embeddable":true,"href":"https:\/\/www.institut-prevention-sante-longevite.fr\/fr\/wp-json\/wp\/v2\/users\/5"}],"replies":[{"embeddable":true,"href":"https:\/\/www.institut-prevention-sante-longevite.fr\/fr\/wp-json\/wp\/v2\/comments?post=2593"}],"version-history":[{"count":6,"href":"https:\/\/www.institut-prevention-sante-longevite.fr\/fr\/wp-json\/wp\/v2\/posts\/2593\/revisions"}],"predecessor-version":[{"id":2668,"href":"https:\/\/www.institut-prevention-sante-longevite.fr\/fr\/wp-json\/wp\/v2\/posts\/2593\/revisions\/2668"}],"wp:featuredmedia":[{"embeddable":true,"href":"https:\/\/www.institut-prevention-sante-longevite.fr\/fr\/wp-json\/wp\/v2\/media\/2589"}],"wp:attachment":[{"href":"https:\/\/www.institut-prevention-sante-longevite.fr\/fr\/wp-json\/wp\/v2\/media?parent=2593"}],"wp:term":[{"taxonomy":"category","embeddable":true,"href":"https:\/\/www.institut-prevention-sante-longevite.fr\/fr\/wp-json\/wp\/v2\/categories?post=2593"},{"taxonomy":"post_tag","embeddable":true,"href":"https:\/\/www.institut-prevention-sante-longevite.fr\/fr\/wp-json\/wp\/v2\/tags?post=2593"}],"curies":[{"name":"wp","href":"https:\/\/api.w.org\/{rel}","templated":true}]}}