{"id":2691,"date":"2022-12-06T09:31:05","date_gmt":"2022-12-06T08:31:05","guid":{"rendered":"https:\/\/www.institut-prevention-sante-longevite.fr\/?p=2691"},"modified":"2022-12-06T09:34:06","modified_gmt":"2022-12-06T08:34:06","slug":"longevite-la-racine-dastragale-efficace-pour-proteger-nos-chromosomes","status":"publish","type":"post","link":"https:\/\/www.institut-prevention-sante-longevite.fr\/fr\/longevite-la-racine-dastragale-efficace-pour-proteger-nos-chromosomes\/","title":{"rendered":"Long\u00e9vit\u00e9 : la racine d\u2019astragale efficace pour prot\u00e9ger nos chromosomes"},"content":{"rendered":"\n<p>Lecture 2 min<\/p>\n\n\n\n<p><a href=\"https:\/\/www.doctissimo.fr\/equipe\/auteurs\/sihem-boultif\" target=\"_blank\" rel=\"noreferrer noopener\">Sihem Boultif<\/a> Journaliste sant\u00e9<\/p>\n\n\n\n<p>&nbsp;en collaboration avec le&nbsp;<a href=\"https:\/\/fr.wikipedia.org\/wiki\/Christophe_de_Jaeger\" target=\"_blank\" rel=\"noreferrer noopener\">Docteur Christophe de Jaeger<\/a> (Long\u00e9vit\u00e9 et g\u00e9riatrie)<\/p>\n\n\n\n<figure class=\"wp-block-image size-large is-resized is-style-rounded\"><a href=\"https:\/\/i0.wp.com\/www.institut-prevention-sante-longevite.fr\/wp-content\/uploads\/2022\/12\/Astragale.jpg?ssl=1\"><img data-recalc-dims=\"1\" fetchpriority=\"high\" decoding=\"async\" sizes=\"(max-width: 800px) 100vw, 800px\" src=\"https:\/\/i0.wp.com\/www.institut-prevention-sante-longevite.fr\/wp-content\/uploads\/2022\/12\/Astragale.jpg?resize=576%2C768&#038;ssl=1\" alt=\"\" class=\"wp-image-2692\" width=\"576\" height=\"768\" srcset=\"https:\/\/i0.wp.com\/www.institut-prevention-sante-longevite.fr\/wp-content\/uploads\/2022\/12\/Astragale.jpg?resize=768%2C1024&amp;ssl=1 768w, https:\/\/i0.wp.com\/www.institut-prevention-sante-longevite.fr\/wp-content\/uploads\/2022\/12\/Astragale.jpg?resize=225%2C300&amp;ssl=1 225w, https:\/\/i0.wp.com\/www.institut-prevention-sante-longevite.fr\/wp-content\/uploads\/2022\/12\/Astragale.jpg?resize=1152%2C1536&amp;ssl=1 1152w, https:\/\/i0.wp.com\/www.institut-prevention-sante-longevite.fr\/wp-content\/uploads\/2022\/12\/Astragale.jpg?w=1440&amp;ssl=1 1440w\" \/><\/a><figcaption class=\"wp-element-caption\"><em>Astragale<\/em> <\/figcaption><\/figure>\n\n\n\n<p>L\u2019astragale est une plante d\u2019origine chinoise, dont la racine aurait la capacit\u00e9 de r\u00e9g\u00e9n\u00e9rer les t\u00e9lom\u00e8res. C\u2019est en tout cas ce que d\u00e9montre une \u00e9tude r\u00e9alis\u00e9e par le <a href=\"https:\/\/fr.wikipedia.org\/wiki\/Christophe_de_Jaeger\" target=\"_blank\" rel=\"noreferrer noopener\">Docteur Christophe de Jaeger<\/a> et son \u00e9quipe, dont les conclusions ont \u00e9t\u00e9 pr\u00e9sent\u00e9es lors du congr\u00e8s de la soci\u00e9t\u00e9 europ\u00e9enne de g\u00e9riatrie qui s\u2019est tenu \u00e0 Londres, du 28 au 30 septembre.<\/p>\n\n\n\n<p><strong>Sommaire<\/strong><\/p>\n\n\n\n<ol class=\"wp-block-list\" type=\"1\">\n<li><strong>De la racine d\u2019astragale pour les t\u00e9lom\u00e8res<\/strong><\/li>\n\n\n\n<li><strong>Des t\u00e9lom\u00e8res plus longs<\/strong><\/li>\n<\/ol>\n\n\n\n<p>Les extr\u00e9mit\u00e9s des chromosomes sont appel\u00e9s t\u00e9lom\u00e8res. Ces t\u00e9lom\u00e8res sont des marqueurs de la s\u00e9nescence cellulaire, le vieillissement naturel des cellules. En effet, avec le temps, les t\u00e9lom\u00e8res se raccourcissent, \u00e0 chaque division cellulaire, au point de dispara\u00eetre. La cellule n\u2019a alors que deux choix&nbsp;: entrer en apoptose, un suicide programm\u00e9 ou se transformer et devenir canc\u00e9reuse.<\/p>\n\n\n\n<h2 class=\"has-medium-font-size wp-block-heading\"><a><\/a>De la racine d\u2019astragale pour les t\u00e9lom\u00e8res<\/h2>\n\n\n\n<p>\u00ab\u00a0<em>Il existe donc un lien fort entre la longueur des t\u00e9lom\u00e8res et les maladies de l\u2019\u00e2ge\u00a0\u00bb<\/em>&nbsp;explique tout d\u2019abord le <a href=\"https:\/\/fr.wikipedia.org\/wiki\/Christophe_de_Jaeger\" target=\"_blank\" rel=\"noreferrer noopener\">Docteur de Jaeger<\/a>, m\u00e9decin physiologiste et sp\u00e9cialiste de la s\u00e9nescence, qui s\u2019int\u00e9resse depuis de nombreuses ann\u00e9es \u00e0 leur fonctionnement. \u00ab\u00a0<em>Le raccourcissement de ces t\u00e9lom\u00e8res est donc un des m\u00e9canismes qui m\u00e8ne aux pathologies de l\u2019\u00e2ge qui elles-m\u00eames entra\u00eenent la perte d\u2019autonomie des sujets \u00e2g\u00e9s\u00a0\u00bb<\/em>.<\/p>\n\n\n\n<p>L\u2019id\u00e9e de <a href=\"https:\/\/fr.wikipedia.org\/wiki\/Christophe_de_Jaeger\" target=\"_blank\" rel=\"noreferrer noopener\">Christophe De Jaeger<\/a> est donc d\u2019utiliser des produits naturels, dans des proportions particuli\u00e8res, afin d\u2019\u00e9tudier ses effets sur trois \u00e9l\u00e9ments&nbsp;: la longueur moyenne des t\u00e9lom\u00e8res, la longueur des t\u00e9lom\u00e8res les plus courts et leur pourcentage. \u00ab\u00a0<em>Nous avons donc suivi pendant six mois 40 volontaires qui ont pris de la racine d\u2019astragale et du cytoastrag\u00e9nol dans des proportions contr\u00f4l\u00e9es afin d\u2019observer leurs effets sur leurs t\u00e9lom\u00e8res\u00a0\u00bb.<\/em><\/p>\n\n\n\n<h2 class=\"has-medium-font-size wp-block-heading\"><a><\/a>Des t\u00e9lom\u00e8res plus longs<\/h2>\n\n\n\n<p>R\u00e9sultats&nbsp;: apr\u00e8s six mois, les auteurs ont constat\u00e9 une augmentation de la longueur des t\u00e9lom\u00e8res, une augmentation de la taille des t\u00e9lom\u00e8res courts et une diminution du pourcentage de t\u00e9lom\u00e8res courts.<\/p>\n\n\n\n<p><em>\u00ab\u00a0Nous sommes sur une petite cohorte\u00a0\u00bb<\/em>&nbsp;reconna\u00eet le <a href=\"https:\/\/fr.wikipedia.org\/wiki\/Christophe_de_Jaeger\" target=\"_blank\" rel=\"noreferrer noopener\">docteur Christophe de Jaeger<\/a>, \u00ab\u00a0<em>mais nos r\u00e9sultats sont tr\u00e8s significatifs\u00a0\u00bb<\/em>. L\u2019autre \u00e9l\u00e9ment important est l\u2019aspect naturel du produit administr\u00e9. \u00ab\u00a0<em>La tol\u00e9rance est parfaite car la racine d\u2019astragale est un produit d\u2019origine naturelle\u00a0\u00bb<\/em>&nbsp;ajoute le sp\u00e9cialiste.<\/p>\n\n\n\n<p>L\u2019\u00e9quipe poursuit ses travaux en \u00e9tudiant d\u2019autres impacts de cette plante sur les fonctions c\u00e9r\u00e9brales, la rigidit\u00e9 des art\u00e8res et l\u2019impact biologique de cette plante sur l\u2019organisme. \u00ab\u00a0<em>Cela ouvre une voie totalement nouvelle de pr\u00e9vention de la s\u00e9nescence, en amont de la mani\u00e8re dont on l\u2019\u00e9tudie habituellement\u00a0\u00bb<\/em>&nbsp;conclut le m\u00e9decin.<\/p>\n\n\n\n<p><strong>Sources&nbsp;&nbsp;&nbsp;&nbsp; <\/strong>Entretien avec le <a href=\"https:\/\/fr.wikipedia.org\/wiki\/Christophe_de_Jaeger\" target=\"_blank\" rel=\"noreferrer noopener\">Docteur Christophe de Jaeger<\/a>, le 03 octobre 2022<\/p>\n\n\n\n<div class=\"wp-block-group is-layout-constrained wp-block-group-is-layout-constrained\">\n<div class=\"wp-block-group is-layout-constrained wp-block-group-is-layout-constrained\">\n<div class=\"wp-block-group is-vertical is-layout-flex wp-container-core-group-is-layout-fe9cc265 wp-block-group-is-layout-flex\">\n<figure class=\"wp-block-image size-large is-resized is-style-rounded\"><a href=\"https:\/\/i0.wp.com\/www.institut-prevention-sante-longevite.fr\/wp-content\/uploads\/2022\/12\/IMG_0052-2-scaled.jpg?ssl=1\"><img data-recalc-dims=\"1\" decoding=\"async\" sizes=\"(max-width: 800px) 100vw, 800px\" src=\"https:\/\/i0.wp.com\/www.institut-prevention-sante-longevite.fr\/wp-content\/uploads\/2022\/12\/IMG_0052-2.jpg?resize=256%2C171&#038;ssl=1\" alt=\"\" class=\"wp-image-2702\" width=\"256\" height=\"171\" srcset=\"https:\/\/i0.wp.com\/www.institut-prevention-sante-longevite.fr\/wp-content\/uploads\/2022\/12\/IMG_0052-2-scaled.jpg?resize=1024%2C683&amp;ssl=1 1024w, https:\/\/i0.wp.com\/www.institut-prevention-sante-longevite.fr\/wp-content\/uploads\/2022\/12\/IMG_0052-2-scaled.jpg?resize=300%2C200&amp;ssl=1 300w, https:\/\/i0.wp.com\/www.institut-prevention-sante-longevite.fr\/wp-content\/uploads\/2022\/12\/IMG_0052-2-scaled.jpg?resize=768%2C512&amp;ssl=1 768w, https:\/\/i0.wp.com\/www.institut-prevention-sante-longevite.fr\/wp-content\/uploads\/2022\/12\/IMG_0052-2-scaled.jpg?resize=1536%2C1024&amp;ssl=1 1536w, https:\/\/i0.wp.com\/www.institut-prevention-sante-longevite.fr\/wp-content\/uploads\/2022\/12\/IMG_0052-2-scaled.jpg?resize=2048%2C1365&amp;ssl=1 2048w, https:\/\/i0.wp.com\/www.institut-prevention-sante-longevite.fr\/wp-content\/uploads\/2022\/12\/IMG_0052-2-scaled.jpg?w=1600&amp;ssl=1 1600w, https:\/\/i0.wp.com\/www.institut-prevention-sante-longevite.fr\/wp-content\/uploads\/2022\/12\/IMG_0052-2-scaled.jpg?w=2400&amp;ssl=1 2400w\" \/><\/a><\/figure>\n\n\n\n<p>Le <a href=\"https:\/\/fr.wikipedia.org\/wiki\/Christophe_de_Jaeger\" target=\"_blank\" rel=\"noreferrer noopener\">docteur Christophe de Jaeger<\/a> est m\u00e9decin et son travail est centr\u00e9 sur la physiologie de la s\u00e9nescence depuis plus de 30 ans.<\/p>\n\n\n\n<p>Il a d\u00e9velopp\u00e9 en particulier la notion d\u2019\u00e2ge physiologique (diff\u00e9rent de l\u2019\u00e2ge chronologique et<\/p>\n\n\n\n<p>de l\u2019\u00e2ge ressenti) et sa prise en charge afin d\u2019optimiser le capital sant\u00e9 de chacun et de lui conserver le plus longtemps possible ses capacit\u00e9s physiologiques. En d\u2019autres termes, rester en bonne sant\u00e9 le plus longtemps possible.<\/p>\n\n\n\n<p>De formation initiale g\u00e9rontologue, il a rapidement compl\u00e9t\u00e9 son cursus \u00e0 la facult\u00e9 des sciences en biologie de la s\u00e9nescence. Il enseigne \u00e0 la facult\u00e9 de m\u00e9decine de Paris et de Lille et \u00e9galement \u00e0 la facult\u00e9 des sciences dans le Master de biologie du vieillissement. Il a \u00e9crit ou co\u00e9crit de nombreux livres dont une dizaine grand public, ainsi que de nombreux articles scientifiques.<\/p>\n\n\n\n<p>Son dernier ouvrage grand public est \u00ab\u00a0<a href=\"https:\/\/www.amazon.fr\/Bien-vieillir-m%C3%A9dicaments-Christophe-JAEGER\/dp\/2749148707\/ref=sr_1_1?keywords=bien+vieillir+sans+m%C3%A9dicaments&amp;qid=1670315054&amp;sprefix=%2Caps%2C43&amp;sr=8-1\" target=\"_blank\" rel=\"noreferrer noopener\">Bien vieillir sans m\u00e9dicaments<\/a>\u00a0\u00bb aux \u00c9ditions du Cherche Midi.<\/p>\n<\/div>\n<\/div>\n<\/div>\n\n\n\n<p><\/p>\n\n\n\n<p>Voir l&rsquo;article sur <a rel=\"noreferrer noopener\" href=\"https:\/\/www.doctissimo.fr\/sante\/lessentiel-de-la-sante\/la-sante-des-seniors\/esperance-de-vie\/percer-le-secret-de-la-longevite\/longevite-la-racine-dastragale-efficace-pour-proteger-nos-chromosomes\/e4a737_ar.html\" target=\"_blank\">Doctissimo<\/a><\/p>\n","protected":false},"excerpt":{"rendered":"<p>Lecture 2 min Sihem Boultif Journaliste sant\u00e9 &nbsp;en collaboration avec le&nbsp;Docteur Christophe de Jaeger (Long\u00e9vit\u00e9 et g\u00e9riatrie) L\u2019astragale est une plante d\u2019origine chinoise, dont la racine aurait la capacit\u00e9 de r\u00e9g\u00e9n\u00e9rer les t\u00e9lom\u00e8res. C\u2019est en tout cas ce que d\u00e9montre une \u00e9tude r\u00e9alis\u00e9e par le Docteur Christophe de Jaeger et son \u00e9quipe, dont les conclusions [&hellip;]<\/p>\n","protected":false},"author":5,"featured_media":2696,"comment_status":"closed","ping_status":"closed","sticky":false,"template":"","format":"standard","meta":{"_acf_changed":false,"_jetpack_memberships_contains_paid_content":false,"footnotes":""},"categories":[40],"tags":[],"class_list":["post-2691","post","type-post","status-publish","format-standard","has-post-thumbnail","hentry","category-actualites"],"acf":[],"jetpack_featured_media_url":"https:\/\/i0.wp.com\/www.institut-prevention-sante-longevite.fr\/wp-content\/uploads\/2022\/12\/Longevite.jpg?fit=480%2C280&ssl=1","jetpack_sharing_enabled":true,"_links":{"self":[{"href":"https:\/\/www.institut-prevention-sante-longevite.fr\/fr\/wp-json\/wp\/v2\/posts\/2691","targetHints":{"allow":["GET"]}}],"collection":[{"href":"https:\/\/www.institut-prevention-sante-longevite.fr\/fr\/wp-json\/wp\/v2\/posts"}],"about":[{"href":"https:\/\/www.institut-prevention-sante-longevite.fr\/fr\/wp-json\/wp\/v2\/types\/post"}],"author":[{"embeddable":true,"href":"https:\/\/www.institut-prevention-sante-longevite.fr\/fr\/wp-json\/wp\/v2\/users\/5"}],"replies":[{"embeddable":true,"href":"https:\/\/www.institut-prevention-sante-longevite.fr\/fr\/wp-json\/wp\/v2\/comments?post=2691"}],"version-history":[{"count":6,"href":"https:\/\/www.institut-prevention-sante-longevite.fr\/fr\/wp-json\/wp\/v2\/posts\/2691\/revisions"}],"predecessor-version":[{"id":2709,"href":"https:\/\/www.institut-prevention-sante-longevite.fr\/fr\/wp-json\/wp\/v2\/posts\/2691\/revisions\/2709"}],"wp:featuredmedia":[{"embeddable":true,"href":"https:\/\/www.institut-prevention-sante-longevite.fr\/fr\/wp-json\/wp\/v2\/media\/2696"}],"wp:attachment":[{"href":"https:\/\/www.institut-prevention-sante-longevite.fr\/fr\/wp-json\/wp\/v2\/media?parent=2691"}],"wp:term":[{"taxonomy":"category","embeddable":true,"href":"https:\/\/www.institut-prevention-sante-longevite.fr\/fr\/wp-json\/wp\/v2\/categories?post=2691"},{"taxonomy":"post_tag","embeddable":true,"href":"https:\/\/www.institut-prevention-sante-longevite.fr\/fr\/wp-json\/wp\/v2\/tags?post=2691"}],"curies":[{"name":"wp","href":"https:\/\/api.w.org\/{rel}","templated":true}]}}