{"id":3121,"date":"2023-01-09T09:10:31","date_gmt":"2023-01-09T08:10:31","guid":{"rendered":"https:\/\/www.institut-prevention-sante-longevite.fr\/?p=3121"},"modified":"2023-01-09T10:09:01","modified_gmt":"2023-01-09T09:09:01","slug":"reforme-des-retraites-apres-65-ans-les-francais-sont-ils-toujours-en-bonne-sante","status":"publish","type":"post","link":"https:\/\/www.institut-prevention-sante-longevite.fr\/fr\/reforme-des-retraites-apres-65-ans-les-francais-sont-ils-toujours-en-bonne-sante\/","title":{"rendered":"R\u00e9forme des retraites : apr\u00e8s 65 ans, les Fran\u00e7ais sont-ils toujours en bonne sant\u00e9 ?"},"content":{"rendered":"\n<p><a href=\"https:\/\/www.doctissimo.fr\/magalie-regnier\/8c71a2_pe.html\" target=\"_blank\" rel=\"noreferrer noopener\">Magali R\u00e9gnier<\/a> Journaliste<\/p>\n\n\n\n<p>en collaboration avec <strong>le Docteur <a href=\"https:\/\/fr.wikipedia.org\/wiki\/Christophe_de_Jaeger\" target=\"_blank\" rel=\"noreferrer noopener\">Christophe de Jaeger<\/a> (Long\u00e9vit\u00e9 et g\u00e9riatrie)<\/strong><\/p>\n\n\n\n<figure class=\"wp-block-image size-full\"><a href=\"https:\/\/i0.wp.com\/www.institut-prevention-sante-longevite.fr\/wp-content\/uploads\/2023\/01\/09-01-2023-65-ans-retraite-1.jpg?ssl=1\"><img data-recalc-dims=\"1\" fetchpriority=\"high\" decoding=\"async\" width=\"650\" height=\"380\" sizes=\"(max-width: 800px) 100vw, 800px\" src=\"https:\/\/i0.wp.com\/www.institut-prevention-sante-longevite.fr\/wp-content\/uploads\/2023\/01\/09-01-2023-65-ans-retraite-1.jpg?resize=650%2C380&#038;ssl=1\" alt=\"\" class=\"wp-image-3122\" srcset=\"https:\/\/i0.wp.com\/www.institut-prevention-sante-longevite.fr\/wp-content\/uploads\/2023\/01\/09-01-2023-65-ans-retraite-1.jpg?w=650&amp;ssl=1 650w, https:\/\/i0.wp.com\/www.institut-prevention-sante-longevite.fr\/wp-content\/uploads\/2023\/01\/09-01-2023-65-ans-retraite-1.jpg?resize=300%2C175&amp;ssl=1 300w\" \/><\/a><\/figure>\n\n\n\n<p><strong>Si l\u2019esp\u00e9rance de vie des Fran\u00e7ais a augment\u00e9 au fil des ans, peuvent-ils toutefois esp\u00e9rer profiter pleinement d\u2019ann\u00e9es en bonne sant\u00e9, \u00e0 65 ans pass\u00e9s ? La question, au c\u0153ur des d\u00e9bats sur la r\u00e9forme des retraites, m\u00e9rite d\u2019\u00eatre pos\u00e9e. \u00c9l\u00e9ments de r\u00e9ponse avec le Docteur <a href=\"https:\/\/fr.wikipedia.org\/wiki\/Christophe_de_Jaeger\" target=\"_blank\" rel=\"noreferrer noopener\">Christophe de Jaeger<\/a>, m\u00e9decin physiologiste et sp\u00e9cialiste du vieillissement.<\/strong><\/p>\n\n\n\n<p><strong>Sommaire<\/strong><\/p>\n\n\n\n<ol class=\"wp-block-list\">\n<li><strong><em>Une esp\u00e9rance de vie qui cro\u00eet, r\u00e9guli\u00e8rement, mais de moins en moins vite<\/em><\/strong><\/li>\n\n\n\n<li><strong><em>L&rsquo;esp\u00e9rance de vie \u00ab\u00a0en bonne sant\u00e9\u00a0\u00bb, l\u2019autre indicateur important<\/em><\/strong><\/li>\n\n\n\n<li><strong><em>Prolonger l&rsquo;esp\u00e9rance de vie en bonne sant\u00e9 doit \u00eatre l&rsquo;enjeu<\/em><\/strong><\/li>\n<\/ol>\n\n\n\n<p><\/p>\n\n\n\n<p>Vivre plus longtemps signifie-t-il pour autant vivre mieux et en meilleure sant\u00e9 ? Cette question que chacun peut se poser \u00e0 son \u00e9chelle, prend une nouvelle tournure alors que la r\u00e9forme des retraites envisage de placer l&rsquo;\u00e2ge de la retraite \u00e0 65 ans (contre 62 actuellement). \u201c<em>Nous vivons plus longtemps et donc <\/em>(\u2026)<em> nous devons travailler plus longtemps\u201d <\/em>d\u00e9clarait Olivier Dussopt, ministre du Travail en d\u00e9cembre, selon la ligne de conduite du gouvernement. L\u2019esp\u00e9rance de vie qui augmente fait, en effet, partie des arguments en faveur de la r\u00e9forme. Mais ce constat est-il si implacable que cela ? Et n\u2019oublie-t-il pas rapidement plusieurs nuances qui accompagnent l\u2019\u00e2ge des Fran\u00e7ais ?<\/p>\n\n\n\n<h3 class=\"wp-block-heading\" id=\"une-esperance-de-vie-qui-croit-regulierement-mais-de-moins-en-moins-vite\"><em>Une esp\u00e9rance de vie qui cro\u00eet, r\u00e9guli\u00e8rement, mais de moins en moins vite<\/em><\/h3>\n\n\n\n<p>C\u2019est un fait : les Fran\u00e7ais vivent de plus en plus longtemps. Ainsi, selon l\u2019Insee, et dans les conditions de mortalit\u00e9 actuelles, une petite fille n\u00e9e en 2021 pourrait vivre en moyenne jusqu\u2019\u00e0 85,4 ans, alors qu\u2019un gar\u00e7on n\u00e9 la m\u00eame ann\u00e9e vivrait jusqu\u2019\u00e0 79,3 ans. En 70 ans, les Fran\u00e7ais auraient gagn\u00e9 en moyenne 15 ans de vie.<\/p>\n\n\n\n<p>\u201c<em>Sauf qu\u2019on omet de dire que plus les ann\u00e9es passent, moins cette augmentation d&rsquo;esp\u00e9rance de vie totale \u00e0 la naissance augmente\u00a0\u00bb <\/em>pr\u00e9cise le Docteur <a href=\"https:\/\/fr.wikipedia.org\/wiki\/Christophe_de_Jaeger\" target=\"_blank\" rel=\"noreferrer noopener\">Christophe de Jaeger<\/a>, m\u00e9decin sp\u00e9cialiste du vieillissement et membre du comit\u00e9 d\u2019experts de Doctissimo.<\/p>\n\n\n\n<p>De plus, l&rsquo;augmentation de l\u2019esp\u00e9rance de vie est due \u00e0 une r\u00e9duction de la mortalit\u00e9 infantile depuis les ann\u00e9es 50, et au fait qu\u2019on traite mieux et plus longtemps les personnes \u00e2g\u00e9es avec des maladies chroniques. <em>\u201cCela ne va pas dans le sens de la bonne sant\u00e9, paradoxalement, on augmente seulement cette p\u00e9riode de vie en mauvaise sant\u00e9\u201d <\/em>confirme-t-il.<\/p>\n\n\n\n<h3 class=\"wp-block-heading\" id=\"l-esperance-de-vie-en-bonne-sante-l-autre-indicateur-important\"><em>L&rsquo;esp\u00e9rance de vie \u00ab\u00a0en bonne sant\u00e9\u00a0\u00bb, l\u2019autre indicateur important<\/em><\/h3>\n\n\n\n<p>A-t-on raison de s\u2019appuyer sur l\u2019esp\u00e9rance de vie totale pour d\u00e9signer le bon \u00e2ge de la retraite ? Pour le m\u00e9decin, il s\u2019agit de se baser sur un autre indicateur : ce qu\u2019on appelle l\u2019esp\u00e9rance de vie sans incapacit\u00e9, ou esp\u00e9rance de vie en bonne sant\u00e9, c\u2019est-\u00e0-dire la dur\u00e9e de vie moyenne d\u2019une personne avant qu\u2019elle soit touch\u00e9e par des limitations dans les activit\u00e9s au quotidien.<\/p>\n\n\n\n<p>La moyenne, dans ce cas, baisse drastiquement. Selon l\u2019Insee toujours, en 2020, l\u2019esp\u00e9rance de vie sans incapacit\u00e9 atteignait 64,4 ans chez les hommes et 65,9 ans chez les femmes, sans compter les disparit\u00e9s selon le mode de vie.<\/p>\n\n\n\n<p><em>\u201cMais 65 ans pour une femme, qui a une esp\u00e9rance de vie totale de 85 ans, \u00e7a veut dire 20 ans malade<\/em>. <em>Cela pose donc un probl\u00e8me. C\u2019est une bonne chose qu\u2019on traite les gens, et qu\u2019on obtienne des r\u00e9sultats avec la m\u00e9decine d\u2019aujourd\u2019hui, mais \u00e7a nous interroge sur ce qu\u2019il doit se passer avant, en pr\u00e9vention\u201d.<\/em><\/p>\n\n\n\n<h3 class=\"wp-block-heading\" id=\"prolonger-l-esperance-de-vie-en-bonne-sante-doit-etre-l-enjeu\"><em>Prolonger l&rsquo;esp\u00e9rance de vie en bonne sant\u00e9 doit \u00eatre l&rsquo;enjeu<\/em><\/h3>\n\n\n\n<p>Pour le Docteur <a href=\"https:\/\/fr.wikipedia.org\/wiki\/Christophe_de_Jaeger\" target=\"_blank\" rel=\"noreferrer noopener\">Christophe de Jaeger<\/a>, l\u2019accent et le d\u00e9compte dans cette probl\u00e9matique ne sont tout simplement pas plac\u00e9s au bon endroit.<\/p>\n\n\n\n<p><em>\u201cUne fois qu\u2019une personne est malade, c\u2019est le syst\u00e8me de sant\u00e9 qui le prend en charge et ce sont les traitements m\u00e9dicaux qui vont prolonger la vie de gens malades. Cette esp\u00e9rance de vie est li\u00e9e aux progr\u00e8s m\u00e9dicaux. Mais personne ne s&rsquo;interroge sur comment augmenter cette esp\u00e9rance de vie en bonne sant\u00e9 ? Alors que c\u2019est l\u00e0 que des efforts doivent \u00eatre faits. Pour que l&rsquo;esp\u00e9rance de vie \u201cen bonne sant\u00e9\u201d passe de 65 \u00e0 70 ou 75 ans et ainsi profiter pleinement de ses ann\u00e9es de retraite\u201d.<\/em><\/p>\n\n\n\n<p>Ainsi, les chiffres statistiques offrent un panorama int\u00e9ressant, que ce soit pour la retraite ou d\u2019autres d\u00e9cisions. Mais pour le m\u00e9decin, ils ne doivent pas cacher la r\u00e9alit\u00e9 de ce que vit chaque individu.<\/p>\n\n\n\n<p>Ces chiffres ne font que mettre en \u00e9vidence la n\u00e9cessite d&rsquo;une prise en charge le plus t\u00f4t possible pour rester acteur de sa sant\u00e9\u2026 Ce qui devrait \u00eatre la priorit\u00e9 offerte aux Fran\u00e7ais avant m\u00eame de parler de retraite.<\/p>\n\n\n\n<p><strong><em>Sources<\/em><\/strong><\/p>\n\n\n\n<ul class=\"wp-block-list\">\n<li>Entretien men\u00e9 aupr\u00e8s du <a href=\"https:\/\/fr.wikipedia.org\/wiki\/Christophe_de_Jaeger\" target=\"_blank\" rel=\"noreferrer noopener\">Docteur Christophe de Jaeger<\/a>, le 5 janvier 2023.<\/li>\n\n\n\n<li><a rel=\"noreferrer noopener\" href=\"https:\/\/www.insee.fr\/fr\/statistiques\/6037739\" target=\"_blank\">Chiffres <\/a>Insee<\/li>\n<\/ul>\n\n\n\n<figure class=\"wp-block-image size-medium is-resized is-style-default\"><a href=\"https:\/\/i0.wp.com\/www.institut-prevention-sante-longevite.fr\/wp-content\/uploads\/2023\/10\/Livre-CDJ-2023-jpg.webp?ssl=1\"><img data-recalc-dims=\"1\" data-dominant-color=\"c7c9d4\" data-has-transparency=\"false\" style=\"--dominant-color: #c7c9d4;\" decoding=\"async\" sizes=\"(max-width: 800px) 100vw, 800px\" src=\"https:\/\/i0.wp.com\/www.institut-prevention-sante-longevite.fr\/wp-content\/uploads\/2023\/10\/Livre-CDJ-2023-225x300.webp?resize=195%2C259&#038;ssl=1\" alt=\"\" class=\"wp-image-4652 not-transparent\" width=\"195\" height=\"259\" srcset=\"https:\/\/i0.wp.com\/www.institut-prevention-sante-longevite.fr\/wp-content\/uploads\/2023\/10\/Livre-CDJ-2023-jpg.webp?resize=225%2C300&amp;ssl=1 225w, https:\/\/i0.wp.com\/www.institut-prevention-sante-longevite.fr\/wp-content\/uploads\/2023\/10\/Livre-CDJ-2023-jpg.webp?w=448&amp;ssl=1 448w\" \/><\/a><\/figure>\n\n\n\n<p>Le <a href=\"https:\/\/fr.wikipedia.org\/wiki\/Christophe_de_Jaeger\" target=\"_blank\" rel=\"noreferrer noopener\">Docteur Christophe de Jaeger<\/a> est m\u00e9decin et son travail est centr\u00e9 sur la physiologie de la s\u00e9nescence depuis plus de 30 ans.<\/p>\n\n\n\n<p>Il a d\u00e9velopp\u00e9 en particulier la notion d\u2019\u00e2ge physiologique (diff\u00e9rent de l\u2019\u00e2ge chronologique et<\/p>\n\n\n\n<p>de l\u2019\u00e2ge ressenti) et sa prise en charge afin d\u2019optimiser le capital sant\u00e9 de chacun et de lui conserver le plus longtemps possible ses capacit\u00e9s physiologiques. En d\u2019autres termes, rester en bonne sant\u00e9 le plus longtemps possible.<\/p>\n\n\n\n<p>De formation initiale g\u00e9rontologue, il a rapidement compl\u00e9t\u00e9 son cursus \u00e0 la facult\u00e9 des sciences en biologie de la s\u00e9nescence. Il enseigne \u00e0 la facult\u00e9 de m\u00e9decine de Paris et de Lille et \u00e9galement \u00e0 la facult\u00e9 des sciences dans le Master de biologie du vieillissement. Il a \u00e9crit ou co\u00e9crit de nombreux livres dont une dizaine grand public, ainsi que de nombreux articles scientifiques.<\/p>\n\n\n\n<p>Son dernier ouvrage grand public \u00a0\u00bb<a href=\"https:\/\/www.amazon.fr\/dp\/2813229954?tag=doctissimo01-azz-94-21\" target=\"_blank\" rel=\"noreferrer noopener\">M\u00e9decine de la Long\u00e9vit\u00e9 : Une r\u00e9volution !<\/a>\u00a0\u00bb est publi\u00e9 en octobre 2023 chez Guy Tr\u00e9daniel \u00e9diteur.<\/p>\n\n\n\n<p>Lire l&rsquo;article sur le site <a href=\"https:\/\/www.doctissimo.fr\/famille\/preparer-sa-retraite\/reforme-des-retraites-apres-65-ans-les-francais-sont-ils-toujours-en-bonne-sante\/712226_ar.html\" target=\"_blank\" rel=\"noreferrer noopener\">Doctissimo<\/a><\/p>\n","protected":false},"excerpt":{"rendered":"<p>Magali R\u00e9gnier Journaliste en collaboration avec le Docteur Christophe de Jaeger (Long\u00e9vit\u00e9 et g\u00e9riatrie) Si l\u2019esp\u00e9rance de vie des Fran\u00e7ais a augment\u00e9 au fil des ans, peuvent-ils toutefois esp\u00e9rer profiter pleinement d\u2019ann\u00e9es en bonne sant\u00e9, \u00e0 65 ans pass\u00e9s ? La question, au c\u0153ur des d\u00e9bats sur la r\u00e9forme des retraites, m\u00e9rite d\u2019\u00eatre pos\u00e9e. \u00c9l\u00e9ments [&hellip;]<\/p>\n","protected":false},"author":5,"featured_media":3126,"comment_status":"closed","ping_status":"closed","sticky":false,"template":"","format":"standard","meta":{"_acf_changed":false,"_jetpack_memberships_contains_paid_content":false,"footnotes":""},"categories":[40],"tags":[],"class_list":["post-3121","post","type-post","status-publish","format-standard","has-post-thumbnail","hentry","category-actualites"],"acf":[],"jetpack_featured_media_url":"https:\/\/i0.wp.com\/www.institut-prevention-sante-longevite.fr\/wp-content\/uploads\/2023\/01\/09-01-2023-65-ans-retraite-2.jpg?fit=1920%2C1300&ssl=1","jetpack_sharing_enabled":true,"_links":{"self":[{"href":"https:\/\/www.institut-prevention-sante-longevite.fr\/fr\/wp-json\/wp\/v2\/posts\/3121","targetHints":{"allow":["GET"]}}],"collection":[{"href":"https:\/\/www.institut-prevention-sante-longevite.fr\/fr\/wp-json\/wp\/v2\/posts"}],"about":[{"href":"https:\/\/www.institut-prevention-sante-longevite.fr\/fr\/wp-json\/wp\/v2\/types\/post"}],"author":[{"embeddable":true,"href":"https:\/\/www.institut-prevention-sante-longevite.fr\/fr\/wp-json\/wp\/v2\/users\/5"}],"replies":[{"embeddable":true,"href":"https:\/\/www.institut-prevention-sante-longevite.fr\/fr\/wp-json\/wp\/v2\/comments?post=3121"}],"version-history":[{"count":3,"href":"https:\/\/www.institut-prevention-sante-longevite.fr\/fr\/wp-json\/wp\/v2\/posts\/3121\/revisions"}],"predecessor-version":[{"id":3132,"href":"https:\/\/www.institut-prevention-sante-longevite.fr\/fr\/wp-json\/wp\/v2\/posts\/3121\/revisions\/3132"}],"wp:featuredmedia":[{"embeddable":true,"href":"https:\/\/www.institut-prevention-sante-longevite.fr\/fr\/wp-json\/wp\/v2\/media\/3126"}],"wp:attachment":[{"href":"https:\/\/www.institut-prevention-sante-longevite.fr\/fr\/wp-json\/wp\/v2\/media?parent=3121"}],"wp:term":[{"taxonomy":"category","embeddable":true,"href":"https:\/\/www.institut-prevention-sante-longevite.fr\/fr\/wp-json\/wp\/v2\/categories?post=3121"},{"taxonomy":"post_tag","embeddable":true,"href":"https:\/\/www.institut-prevention-sante-longevite.fr\/fr\/wp-json\/wp\/v2\/tags?post=3121"}],"curies":[{"name":"wp","href":"https:\/\/api.w.org\/{rel}","templated":true}]}}