{"id":3144,"date":"2023-01-10T11:09:38","date_gmt":"2023-01-10T10:09:38","guid":{"rendered":"https:\/\/www.institut-prevention-sante-longevite.fr\/?p=3144"},"modified":"2023-01-10T11:11:47","modified_gmt":"2023-01-10T10:11:47","slug":"tenir-lequilibre-sur-une-jambe-un-indicateur-de-bonne-sante","status":"publish","type":"post","link":"https:\/\/www.institut-prevention-sante-longevite.fr\/fr\/tenir-lequilibre-sur-une-jambe-un-indicateur-de-bonne-sante\/","title":{"rendered":"Tenir l&rsquo;\u00e9quilibre sur une jambe : un indicateur de bonne sant\u00e9"},"content":{"rendered":"\n<p><a href=\"https:\/\/www.doctissimo.fr\/magalie-regnier\/8c71a2_pe.html\" target=\"_blank\" rel=\"noreferrer noopener\">Magali R\u00e9gnier<\/a> Journaliste<\/p>\n\n\n\n<p>en collaboration avec <strong>Docteur <a rel=\"noreferrer noopener\" href=\"https:\/\/fr.wikipedia.org\/wiki\/Christophe_de_Jaeger\" target=\"_blank\">Christophe de Jaeger<\/a> (Long\u00e9vit\u00e9 et g\u00e9riatrie, Directeur M\u00e9dical et Scientifique de l&rsquo;IPSL)<\/strong><\/p>\n\n\n\n<figure class=\"wp-block-image size-large\"><a href=\"https:\/\/i0.wp.com\/www.institut-prevention-sante-longevite.fr\/wp-content\/uploads\/2023\/01\/equilibre-2.jpg?ssl=1\"><img data-recalc-dims=\"1\" fetchpriority=\"high\" decoding=\"async\" width=\"800\" height=\"448\" sizes=\"(max-width: 800px) 100vw, 800px\" src=\"https:\/\/i0.wp.com\/www.institut-prevention-sante-longevite.fr\/wp-content\/uploads\/2023\/01\/equilibre-2.jpg?resize=800%2C448&#038;ssl=1\" alt=\"\" class=\"wp-image-3154\" srcset=\"https:\/\/i0.wp.com\/www.institut-prevention-sante-longevite.fr\/wp-content\/uploads\/2023\/01\/equilibre-2.jpg?resize=1024%2C574&amp;ssl=1 1024w, https:\/\/i0.wp.com\/www.institut-prevention-sante-longevite.fr\/wp-content\/uploads\/2023\/01\/equilibre-2.jpg?resize=300%2C168&amp;ssl=1 300w, https:\/\/i0.wp.com\/www.institut-prevention-sante-longevite.fr\/wp-content\/uploads\/2023\/01\/equilibre-2.jpg?resize=768%2C430&amp;ssl=1 768w, https:\/\/i0.wp.com\/www.institut-prevention-sante-longevite.fr\/wp-content\/uploads\/2023\/01\/equilibre-2.jpg?resize=1536%2C861&amp;ssl=1 1536w, https:\/\/i0.wp.com\/www.institut-prevention-sante-longevite.fr\/wp-content\/uploads\/2023\/01\/equilibre-2.jpg?w=1920&amp;ssl=1 1920w, https:\/\/i0.wp.com\/www.institut-prevention-sante-longevite.fr\/wp-content\/uploads\/2023\/01\/equilibre-2.jpg?w=1600&amp;ssl=1 1600w\" \/><\/a><\/figure>\n\n\n\n<p><strong>Etre capable de tenir en \u00e9quilibre sur une jambe vous assurerait de vivre encore longtemps. Une \u00e9tude internationale l&rsquo;assure, la premi\u00e8re \u00e0 mettre officiellement au jour le lien entre \u00e9quilibre et mortalit\u00e9 chez l\u2019homme.<\/strong><\/p>\n\n\n\n<p><strong><em>Sommaire<\/em><\/strong><\/p>\n\n\n\n<ol class=\"wp-block-list\">\n<li><em><strong>La perte d&rsquo;\u00e9quilibre chez un senior, un signe d&rsquo;affaiblissement<\/strong><\/em><\/li>\n\n\n\n<li><em><strong>Un test connu depuis 30 ans<\/strong><\/em><\/li>\n<\/ol>\n\n\n\n<p>Si vous tenez pas plus de 10 secondes en \u00e9quilibre sur un seul <a href=\"https:\/\/www.doctissimo.fr\/sante\/maladies\/maladies-de-pieds\/le-pied-role-anatomie-pathologies\/d5a2e8_ar.html\" target=\"_blank\" rel=\"noreferrer noopener\">pied<\/a>, mieux vaut prendre rendez-vous chez votre m\u00e9decin pour \u00e9valuer votre \u00e9tat de sant\u00e9 g\u00e9n\u00e9ral.<\/p>\n\n\n\n<p>Cette invitation \u00e9mane d&rsquo;une \u00e9tude au long cours men\u00e9e par un groupe d&rsquo;experts internationaux (Royaume-Uni, \u00c9tats-Unis, Australie, Finlande et Br\u00e9sil) sur la relation entre l&rsquo;\u00e9quilibre et la mortalit\u00e9. Apr\u00e8s douze ann\u00e9es de recherche, ses conclusions viennent d&rsquo;\u00eatre publi\u00e9es dans le<em> British Journal of Sports Medicine. <\/em>Selon celles-ci, une incapacit\u00e9 \u00e0 se tenir en \u00e9quilibre plus de 10 secondes sur une seule <a href=\"https:\/\/www.doctissimo.fr\/html\/sante\/atlas\/fiches-corps-humain\/jambe.htm\" target=\"_blank\" rel=\"noreferrer noopener\">jambe<\/a>, \u00e0 partir du milieu de vie, indiquerait un risque de mortalit\u00e9 dans les dix ans multipli\u00e9 par deux.<\/p>\n\n\n\n<h3 class=\"wp-block-heading\" id=\"la-perte-d-equilibre-chez-un-senior-un-signe-d-affaiblissement\"><em>La perte d&rsquo;\u00e9quilibre chez un senior, un signe d&rsquo;affaiblissement<\/em><\/h3>\n\n\n\n<p>Au total, 1 702 personnes \u00e2g\u00e9es de 51 \u00e0 75 ans, et \u00e0 la d\u00e9marche stable, ont \u00e9t\u00e9 suivies entre 2008 et 2020. Invit\u00e9s \u00e0 se tenir sur une seule jambe sans aucun autre support, 1 personne sur 5 a \u00e9chou\u00e9 au test. Et 123 personnes sont mortes de causes diverses au cours de la d\u00e9cennie suivante. L\u2019\u00e9tude indique que \u201ca<em>pr\u00e8s avoir pris en compte l&rsquo;\u00e2ge, le sexe et les conditions sous-jacentes, une incapacit\u00e9 \u00e0 se tenir debout sans soutien sur une jambe pendant dix secondes \u00e9tait associ\u00e9e \u00e0 un risque accru de 84 % de d\u00e9c\u00e8s dans les 10 ans quelle qu&rsquo;en soit la cause.\u201d<\/em><\/p>\n\n\n\n<p><em>\u201cSur un sujet d&rsquo;\u00e2ge moyen ou plus \u00e2g\u00e9, la perte d\u2019\u00e9quilibre rapide, en dix \u00e0 vingt secondes, traduit en effet un affaiblissement g\u00e9n\u00e9ral que ce soit du syst\u00e8me neurologique ou rhumatologique, des indicateurs \u00e0 prendre en compte\u201d, <\/em>explique le Docteur <a href=\"https:\/\/fr.wikipedia.org\/wiki\/Christophe_de_Jaeger\" target=\"_blank\" rel=\"noreferrer noopener\">Christophe de Jaeger<\/a>, m\u00e9decin g\u00e9riatre et chercheur fran\u00e7ais sp\u00e9cialiste du vieillissement.<\/p>\n\n\n\n<h3 class=\"wp-block-heading\" id=\"un-test-connu-depuis-30-ans\"><em>Un test connu depuis 30 ans<\/em><\/h3>\n\n\n\n<p>Confiants dans leur \u00e9tude, les chercheurs pr\u00e9conisent d&rsquo;inclure ce test d\u00e9sormais dans les examens de routine de sant\u00e9 des patients d&rsquo;\u00e2ge moyen \u00e0 avanc\u00e9. Pour le Docteur<a href=\"https:\/\/fr.wikipedia.org\/wiki\/Christophe_de_Jaeger\" target=\"_blank\" rel=\"noreferrer noopener\"> Christophe de Jaeger<\/a>, si l\u2019\u00e9tude a le m\u00e9rite de mettre noir sur blanc une donn\u00e9e importante, elle ne fait qu&rsquo;ent\u00e9riner une pratique d\u00e9j\u00e0 en vigueur depuis trente ans dans les cabinets m\u00e9dicaux de l&rsquo;Hexagone.<\/p>\n\n\n\n<p><em>\u201cEn termes de sant\u00e9, c&rsquo;est un test bien connu qui nous dit rapidement si une personne se trouve dans une situation de pr\u00e9carit\u00e9, <\/em>d\u00e9veloppe-t-il<em>. Mais il faut ajouter tout de m\u00eame que cela peut s&rsquo;am\u00e9liorer. En entra\u00eenant les patients, en corrigeant leurs anomalies, on am\u00e9liore les diff\u00e9rents syst\u00e8mes responsables de la station debout et, au final, leur long\u00e9vit\u00e9\u00a0\u00bb.<\/em><\/p>\n\n\n\n<hr class=\"wp-block-separator has-alpha-channel-opacity\"\/>\n\n\n\n<p><em>Sources<\/em><\/p>\n\n\n\n<ul class=\"wp-block-list\">\n<li><em>Araujo CG, de Souza e Silva CG, Laukkanen JA, et alSuccessful 10-second one-legged stance performance predicts survival in middle-aged and older individualsBritish Journal of Sports Medicine Published Online First: 21 June 2022. doi: <a rel=\"noreferrer noopener\" href=\"http:\/\/dx.doi.org\/10.1136\/bjsports-2021-105360\" target=\"_blank\">10.1136\/bjsports-2021-105360<\/a><\/em><\/li>\n<\/ul>\n\n\n\n<p><\/p>\n\n\n\n<figure class=\"wp-block-image size-medium is-resized is-style-default\"><a href=\"https:\/\/i0.wp.com\/www.institut-prevention-sante-longevite.fr\/wp-content\/uploads\/2023\/10\/Livre-CDJ-2023-jpg.webp?ssl=1\"><img data-recalc-dims=\"1\" data-dominant-color=\"c7c9d4\" data-has-transparency=\"false\" style=\"--dominant-color: #c7c9d4;\" decoding=\"async\" sizes=\"(max-width: 800px) 100vw, 800px\" src=\"https:\/\/i0.wp.com\/www.institut-prevention-sante-longevite.fr\/wp-content\/uploads\/2023\/10\/Livre-CDJ-2023-225x300.webp?resize=195%2C259&#038;ssl=1\" alt=\"\" class=\"wp-image-4652 not-transparent\" width=\"195\" height=\"259\" srcset=\"https:\/\/i0.wp.com\/www.institut-prevention-sante-longevite.fr\/wp-content\/uploads\/2023\/10\/Livre-CDJ-2023-jpg.webp?resize=225%2C300&amp;ssl=1 225w, https:\/\/i0.wp.com\/www.institut-prevention-sante-longevite.fr\/wp-content\/uploads\/2023\/10\/Livre-CDJ-2023-jpg.webp?w=448&amp;ssl=1 448w\" \/><\/a><\/figure>\n\n\n\n<p>Le <a href=\"https:\/\/fr.wikipedia.org\/wiki\/Christophe_de_Jaeger\" target=\"_blank\" rel=\"noreferrer noopener\">Docteur Christophe de Jaeger<\/a> est m\u00e9decin et son travail est centr\u00e9 sur la physiologie de la s\u00e9nescence depuis plus de 30 ans.<\/p>\n\n\n\n<p>Il a d\u00e9velopp\u00e9 en particulier la notion d\u2019\u00e2ge physiologique (diff\u00e9rent de l\u2019\u00e2ge chronologique et<\/p>\n\n\n\n<p>de l\u2019\u00e2ge ressenti) et sa prise en charge afin d\u2019optimiser le capital sant\u00e9 de chacun et de lui conserver le plus longtemps possible ses capacit\u00e9s physiologiques. En d\u2019autres termes, rester en bonne sant\u00e9 le plus longtemps possible.<\/p>\n\n\n\n<p>De formation initiale g\u00e9rontologue, il a rapidement compl\u00e9t\u00e9 son cursus \u00e0 la facult\u00e9 des sciences en biologie de la s\u00e9nescence. Il enseigne \u00e0 la facult\u00e9 de m\u00e9decine de Paris et de Lille et \u00e9galement \u00e0 la facult\u00e9 des sciences dans le Master de biologie du vieillissement. Il a \u00e9crit ou co\u00e9crit de nombreux livres dont une dizaine grand public, ainsi que de nombreux articles scientifiques.<\/p>\n\n\n\n<p>Son dernier ouvrage grand public \u00a0\u00bb<a href=\"https:\/\/www.amazon.fr\/dp\/2813229954?tag=doctissimo01-azz-94-21\" target=\"_blank\" rel=\"noreferrer noopener\">M\u00e9decine de la Long\u00e9vit\u00e9 : Une r\u00e9volution !<\/a>\u00a0\u00bb est publi\u00e9 en octobre 2023 chez Guy Tr\u00e9daniel \u00e9diteur.<\/p>\n","protected":false},"excerpt":{"rendered":"<p>Magali R\u00e9gnier Journaliste en collaboration avec Docteur Christophe de Jaeger (Long\u00e9vit\u00e9 et g\u00e9riatrie, Directeur M\u00e9dical et Scientifique de l&rsquo;IPSL) Etre capable de tenir en \u00e9quilibre sur une jambe vous assurerait de vivre encore longtemps. Une \u00e9tude internationale l&rsquo;assure, la premi\u00e8re \u00e0 mettre officiellement au jour le lien entre \u00e9quilibre et mortalit\u00e9 chez l\u2019homme. Sommaire Si [&hellip;]<\/p>\n","protected":false},"author":5,"featured_media":3145,"comment_status":"closed","ping_status":"closed","sticky":false,"template":"","format":"standard","meta":{"_acf_changed":false,"_jetpack_memberships_contains_paid_content":false,"footnotes":""},"categories":[40],"tags":[],"class_list":["post-3144","post","type-post","status-publish","format-standard","has-post-thumbnail","hentry","category-actualites"],"acf":[],"jetpack_featured_media_url":"https:\/\/i0.wp.com\/www.institut-prevention-sante-longevite.fr\/wp-content\/uploads\/2023\/01\/10-01-2023-tenir-lequilibre-2.jpeg.jpg?fit=1920%2C1280&ssl=1","jetpack_sharing_enabled":true,"_links":{"self":[{"href":"https:\/\/www.institut-prevention-sante-longevite.fr\/fr\/wp-json\/wp\/v2\/posts\/3144","targetHints":{"allow":["GET"]}}],"collection":[{"href":"https:\/\/www.institut-prevention-sante-longevite.fr\/fr\/wp-json\/wp\/v2\/posts"}],"about":[{"href":"https:\/\/www.institut-prevention-sante-longevite.fr\/fr\/wp-json\/wp\/v2\/types\/post"}],"author":[{"embeddable":true,"href":"https:\/\/www.institut-prevention-sante-longevite.fr\/fr\/wp-json\/wp\/v2\/users\/5"}],"replies":[{"embeddable":true,"href":"https:\/\/www.institut-prevention-sante-longevite.fr\/fr\/wp-json\/wp\/v2\/comments?post=3144"}],"version-history":[{"count":7,"href":"https:\/\/www.institut-prevention-sante-longevite.fr\/fr\/wp-json\/wp\/v2\/posts\/3144\/revisions"}],"predecessor-version":[{"id":3160,"href":"https:\/\/www.institut-prevention-sante-longevite.fr\/fr\/wp-json\/wp\/v2\/posts\/3144\/revisions\/3160"}],"wp:featuredmedia":[{"embeddable":true,"href":"https:\/\/www.institut-prevention-sante-longevite.fr\/fr\/wp-json\/wp\/v2\/media\/3145"}],"wp:attachment":[{"href":"https:\/\/www.institut-prevention-sante-longevite.fr\/fr\/wp-json\/wp\/v2\/media?parent=3144"}],"wp:term":[{"taxonomy":"category","embeddable":true,"href":"https:\/\/www.institut-prevention-sante-longevite.fr\/fr\/wp-json\/wp\/v2\/categories?post=3144"},{"taxonomy":"post_tag","embeddable":true,"href":"https:\/\/www.institut-prevention-sante-longevite.fr\/fr\/wp-json\/wp\/v2\/tags?post=3144"}],"curies":[{"name":"wp","href":"https:\/\/api.w.org\/{rel}","templated":true}]}}