{"id":3239,"date":"2023-01-20T10:35:53","date_gmt":"2023-01-20T09:35:53","guid":{"rendered":"https:\/\/www.institut-prevention-sante-longevite.fr\/?p=3239"},"modified":"2023-01-20T10:37:21","modified_gmt":"2023-01-20T09:37:21","slug":"reforme-des-retraites-quelle-est-lesperance-de-vie-en-bonne-sante-aujourdhui-a-64-ans","status":"publish","type":"post","link":"https:\/\/www.institut-prevention-sante-longevite.fr\/fr\/reforme-des-retraites-quelle-est-lesperance-de-vie-en-bonne-sante-aujourdhui-a-64-ans\/","title":{"rendered":"R\u00e9forme des retraites\u00a0: Quelle est l\u2019esp\u00e9rance de vie en bonne sant\u00e9 aujourd\u2019hui \u00e0 64 ans\u00a0?"},"content":{"rendered":"\n<p>Alors que le projet de r\u00e9forme des retraites port\u00e9 par le gouvernement pr\u00e9voit un allongement de la dur\u00e9e de cotisation, un d\u00e9part plus tardif \u00e0 la retraite soul\u00e8ve la question de l\u2019esp\u00e9rance de vie en bonne sant\u00e9<\/p>\n\n\n\n<h4 class=\"wp-block-heading\"><a href=\"https:\/\/www.20minutes.fr\/journaliste\/anissa-boumediene\" target=\"_blank\" rel=\"noreferrer noopener\">Anissa Boumediene<\/a><\/h4>\n\n\n\n<p>Journaliste \u00e0 20 Minutes depuis 2014.<\/p>\n\n\n\n<figure class=\"wp-block-image size-full\"><a href=\"https:\/\/i0.wp.com\/www.institut-prevention-sante-longevite.fr\/wp-content\/uploads\/2023\/01\/20-01-2023-Reforme-des-retraites-1.webp?ssl=1\"><img data-recalc-dims=\"1\" fetchpriority=\"high\" decoding=\"async\" width=\"640\" height=\"410\" sizes=\"(max-width: 800px) 100vw, 800px\" src=\"https:\/\/i0.wp.com\/www.institut-prevention-sante-longevite.fr\/wp-content\/uploads\/2023\/01\/20-01-2023-Reforme-des-retraites-1.webp?resize=640%2C410&#038;ssl=1\" alt=\"\" class=\"wp-image-3248\" srcset=\"https:\/\/i0.wp.com\/www.institut-prevention-sante-longevite.fr\/wp-content\/uploads\/2023\/01\/20-01-2023-Reforme-des-retraites-1.webp?w=640&amp;ssl=1 640w, https:\/\/i0.wp.com\/www.institut-prevention-sante-longevite.fr\/wp-content\/uploads\/2023\/01\/20-01-2023-Reforme-des-retraites-1.webp?resize=300%2C192&amp;ssl=1 300w\" \/><\/a><\/figure>\n\n\n\n<ul class=\"wp-block-list\">\n<li>Dans son projet de r\u00e9forme des retraites, le gouvernement veut repousser \u00e0 64 ans l\u2019\u00e2ge l\u00e9gal de d\u00e9part \u00e0 la retraite.<\/li>\n\n\n\n<li>Un report \u00e0 qui soul\u00e8ve la question de l\u2019esp\u00e9rance de vie en bonne sant\u00e9.<\/li>\n\n\n\n<li>Et contre lequel syndicats et nombre de travailleurs manifesteront ce jeudi, o\u00f9 une forte mobilisation est pr\u00e9vue.<\/li>\n<\/ul>\n\n\n\n<p>Voyager. Profiter de ses petits-enfants. Se mettre \u00e0 la poterie ou tout simplement profiter d\u2019un repos bien m\u00e9rit\u00e9. A chacun sa vision d\u2019une <a href=\"https:\/\/www.20minutes.fr\/dossier\/retraite\" target=\"_blank\" rel=\"noreferrer noopener\">retraite<\/a> de r\u00eave. Avec un point commun&nbsp;: en profiter le plus longtemps possible en bonne sant\u00e9.<\/p>\n\n\n\n<p>Mais alors que le projet de r\u00e9forme des retraites port\u00e9 par le gouvernement pr\u00e9voit un allongement de la dur\u00e9e de travail, portant l\u2019\u00e2ge l\u00e9gal de d\u00e9part \u00e0 64 ans, et qu\u2019une <a href=\"https:\/\/www.20minutes.fr\/societe\/4019279-20230117-reforme-retraites-cheminots-enseignants-soignants-fait-greve-jeudi\" target=\"_blank\" rel=\"noreferrer noopener\">journ\u00e9e de mobilisation<\/a> est pr\u00e9vue ce jeudi, se pose la question de l\u2019esp\u00e9rance de vie en bonne sant\u00e9. Lorsqu\u2019il doit durer plus longtemps, le travail, est-ce vraiment la sant\u00e9&nbsp;? Cela nous laissera-t-il le temps \u00e0 nous, retrait\u00e9s de demain, de profiter de cette p\u00e9riode de la vie&nbsp;?<\/p>\n\n\n\n<h2 class=\"wp-block-heading\">Une esp\u00e9rance variable en France<\/h2>\n\n\n\n<p>\u00ab&nbsp;Nous vivons plus longtemps et donc, nous devons travailler plus longtemps et partir \u00e0 la retraite plus tard&nbsp;\u00bb, d\u00e9clarait <a rel=\"noreferrer noopener\" href=\"https:\/\/www.elysee.fr\/emmanuel-macron\/2021\/07\/12\/adresse-aux-francais-12-juillet-2021\" target=\"_blank\">en juillet&nbsp;2021<\/a> Emmanuel Macron. C\u00f4t\u00e9 esp\u00e9rance de vie \u00e0 la naissance \u2013 l\u2019\u00e2ge maximal que l\u2019on peut esp\u00e9rer atteindre \u2013 le chef de l\u2019Etat disait vrai, en Europe, la France compte parmi les meilleurs \u00e9l\u00e8ves. En moyenne, elle est de 85,3 ans pour les femmes et de 79, 2 ans pour les hommes, <a rel=\"noreferrer noopener\" href=\"https:\/\/www.insee.fr\/fr\/statistiques\/2383446#figure1_radio1\" target=\"_blank\">selon l\u2019Insee<\/a>. \u00ab&nbsp;Mais elle \u00e9volue avec l\u2019\u00e2ge, et \u00e0 81 ans, vous avez encore 7 ans d\u2019esp\u00e9rance de vie&nbsp;\u00bb, souligne le Dr J\u00e9r\u00f4me Marty, m\u00e9decin g\u00e9n\u00e9raliste et pr\u00e9sident de <a rel=\"noreferrer noopener\" href=\"https:\/\/www.ufml-syndicat.org\/\" target=\"_blank\">l\u2019Union fran\u00e7aise pour une m\u00e9decine libre<\/a> (UFML).<\/p>\n\n\n\n<p>En revanche, pour ce qui est de l\u2019esp\u00e9rance de vie en bonne sant\u00e9, la France perd des points, et les Fran\u00e7ais des ann\u00e9es. \u00ab&nbsp;A la naissance, elle n\u2019est en France que de 65,4 ans pour les femmes et de 63,9 ans pour les hommes, soit une moyenne de 64 ans, indique le Docteur <a href=\"https:\/\/fr.wikipedia.org\/wiki\/Christophe_de_Jaeger\" target=\"_blank\" rel=\"noreferrer noopener\">Christophe de Jaeger<\/a>, m\u00e9decin physiologiste sp\u00e9cialiste du vieillissement, pr\u00e9sident de la <a rel=\"noreferrer noopener\" href=\"https:\/\/www.sfmpl.fr\/\" target=\"_blank\">Soci\u00e9t\u00e9 fran\u00e7aise de m\u00e9decine et physiologie de la long\u00e9vit\u00e9<\/a>. Et c\u2019est un param\u00e8tre extr\u00eamement inqui\u00e9tant, parce que c\u2019est tr\u00e8s jeune. Donc le report de l\u2019\u00e2ge de d\u00e9part \u00e0 la retraite \u00e0 64 ans fait se dire \u00e0 certains&nbsp;: \u00ab\u00a0Je vais travailler jusqu\u2019\u00e0 64 ans, <a rel=\"noreferrer noopener\" href=\"https:\/\/www.20minutes.fr\/economie\/4018641-20230114-reforme-retraites-mort-avant-profiter-jeunes-croient-plus\" target=\"_blank\">puis je vais tomber malade<\/a>\u00a0\u00bb&nbsp;\u00bb. Heureusement, avec l\u2019\u00e2ge, l\u2019esp\u00e9rance de vie en bonne sant\u00e9 progresse&nbsp;: \u00e0 65 ans, elle est de 10,5 ans pour les femmes et de 9,4 ans pour les hommes, <a rel=\"noreferrer noopener\" href=\"https:\/\/drees.solidarites-sante.gouv.fr\/publications\/etudes-et-resultats\/les-francais-vivent-plus-longtemps-mais-leur-esperance-de-vie-en#:~:text=En%202016%2C%20l'esp%C3%A9rance%20de,est%20stable%20depuis%20dix%20ans.\" target=\"_blank\">selon la Drees<\/a>. Des chiffres stables, qui ne progressent plus.<\/p>\n\n\n\n<p>Mais qu\u2019est-ce que l\u2019esp\u00e9rance de vie en bonne sant\u00e9&nbsp;? \u00ab&nbsp;C\u2019est le reflet de la qualit\u00e9 d\u2019un syst\u00e8me de sant\u00e9 et un point qui int\u00e9resse particuli\u00e8rement les gens&nbsp;: c\u2019est la partie de la vie men\u00e9e en bonne sant\u00e9, la capacit\u00e9 \u00e0 vivre ind\u00e9pendant, de faire librement ce dont on a envie, que ce soit travailler, voyager, et simplement d\u2019\u00eatre bien dans son corps et dans sa t\u00eate&nbsp;\u00bb, explique le Docteur <a href=\"https:\/\/fr.wikipedia.org\/wiki\/Christophe_de_Jaeger\" target=\"_blank\" rel=\"noreferrer noopener\">de Jaeger<\/a>.<\/p>\n\n\n\n<h2 class=\"wp-block-heading\">Des disparit\u00e9s selon les m\u00e9tiers et les revenus<\/h2>\n\n\n\n<p>\u00ab&nbsp;Il y a toutefois des disparit\u00e9s tr\u00e8s importantes&nbsp;\u00bb, souligne le sp\u00e9cialiste du vieillissement. Car, selon les m\u00e9tiers et les revenus, un grand \u00e9cart peut se creuser&nbsp;: les travailleurs les plus ais\u00e9s ont 13 ann\u00e9es d\u2019esp\u00e9rance de vie de plus que les plus modestes, <a rel=\"noreferrer noopener\" href=\"https:\/\/www.insee.fr\/fr\/statistiques\/3319895\" target=\"_blank\">selon l\u2019Insee<\/a>. De m\u00eame, l\u2019esp\u00e9rance de vie en bonne sant\u00e9 est \u00ab&nbsp;tr\u00e8s li\u00e9e aux activit\u00e9s professionnelles, dont certaines usent les corps, abonde le Dr Marty. Elle sera plus courte pour celles et ceux qui ont un m\u00e9tier tr\u00e8s physique, qui travaillent en ext\u00e9rieur par tous les temps. Plus courte aussi pour certains m\u00e9tiers tr\u00e8s s\u00e9dentaires et expos\u00e9s au stress, avec \u00e0 la cl\u00e9 le d\u00e9veloppement de pathologies cardiovasculaires. Tous ceux-l\u00e0 arrivent \u00e0 l\u2019\u00e2ge de la retraite us\u00e9s&nbsp;\u00bb.<\/p>\n\n\n\n<p>En revanche, \u00ab&nbsp;quelqu\u2019un qui a un travail qu\u2019il aime et le passionne aura une esp\u00e9rance de vie en bonne sant\u00e9 plus longue, et choisira de partir \u00e0 la retraite plus tard&nbsp;\u00bb, note le Docteur <a href=\"https:\/\/fr.wikipedia.org\/wiki\/Christophe_de_Jaeger\" target=\"_blank\" rel=\"noreferrer noopener\">de Jaeger<\/a>. Mais d\u2019autres facteurs que le travail affectent l\u2019esp\u00e9rance de vie en bonne sant\u00e9&nbsp;: \u00ab&nbsp;Il y a des disparit\u00e9s r\u00e9gionales, et des facteurs li\u00e9s \u00e0 la pollution, <a rel=\"noreferrer noopener\" href=\"https:\/\/www.20minutes.fr\/sante\/3244071-20220301-maladies-cardiovasculaires-femmes-situation-precarite-lourdement-touchees\" target=\"_blank\">la pr\u00e9carit\u00e9<\/a> et l\u2019alimentation, les addictions \u00e0 l\u2019alcool et au tabac&nbsp;\u00bb, ajoute le Dr Marty.<\/p>\n\n\n\n<p>Des facteurs qui g\u00e9n\u00e8rent \u00ab&nbsp;une explosion des pathologies chroniques par rapport \u00e0 une \u00e9poque o\u00f9 l\u2019on vivait mieux longtemps&nbsp;: <a href=\"https:\/\/www.20minutes.fr\/dossier\/maladies_cardiovasculaires\">maladies cardiovasculaires<\/a> et endocriniennes, diab\u00e8te, hypertension. Or, les malades chroniques d\u00e9veloppent encore plus de pathologies aigues de type infarctus et AVC&nbsp;\u00bb, pr\u00e9cise le m\u00e9decin g\u00e9n\u00e9raliste. En pratique, \u00ab&nbsp;si on est hypertendu et diab\u00e9tique, on n\u2019est plus vraiment en bonne sant\u00e9, m\u00eame si les traitements assurent un \u00e9quilibre&nbsp;\u00bb, rench\u00e9rit le Docteur <a href=\"https:\/\/fr.wikipedia.org\/wiki\/Christophe_de_Jaeger\" target=\"_blank\" rel=\"noreferrer noopener\">de Jaeger<\/a>.<\/p>\n\n\n\n<h2 class=\"wp-block-heading\">Am\u00e9liorer la pr\u00e9vention et adapter les postes de travail<\/h2>\n\n\n\n<p>\u00ab&nbsp;Cela pose la probl\u00e9matique de la pr\u00e9vention primaire, telle que d\u00e9finie par <a href=\"https:\/\/www.20minutes.fr\/dossier\/oms\" target=\"_blank\" rel=\"noreferrer noopener\">l\u2019OMS<\/a>&nbsp;: comment faire pour ne pas tomber malade&nbsp;? C\u2019est un \u00e9l\u00e9ment essentiel de sant\u00e9 publique, poursuit le sp\u00e9cialiste du vieillissement. L\u00e0, cela d\u00e9pend de chaque individu, de ses g\u00e8nes, de son environnement, de son mode de vie et de sa motivation \u00e0 rester en bonne sant\u00e9. Pour y parvenir, il faut \u00eatre pr\u00eat \u00e0 modifier certains comportements&nbsp;: abolir tabac et alcool, manger moins et mieux, pas trop sucr\u00e9, car l\u2019exc\u00e8s de sucre est un m\u00e9canisme tr\u00e8s important du mal vieillir. Et avoir une <a href=\"https:\/\/www.20minutes.fr\/sante\/2451355-20190214-maladies-chroniques-rapport-inserm-rappelle-urgence-prescrire-activite-physique-adaptee\" target=\"_blank\" rel=\"noreferrer noopener\">activit\u00e9 physique r\u00e9guli\u00e8re<\/a>, pas forc\u00e9ment sportive, mais une activit\u00e9 qui comporte \u00e0 la fois un travail de r\u00e9sistance pour avoir un certain niveau de muscle, et \u00e0 la fois un travail de cardio training&nbsp;\u00bb.<\/p>\n\n\n\n<p>Mais, si tout le monde conna\u00eet ces mesures de bon sens, \u00ab&nbsp;tr\u00e8s peu les appliquent correctement&nbsp;\u00bb, d\u00e9plore-t-il. Pour y rem\u00e9dier, et \u00ab&nbsp;parce que les probl\u00e8mes de sant\u00e9 appara\u00eessent g\u00e9n\u00e9ralement entre 50 et 60 ans, il faut \u00eatre proactif, d\u00e8s 50 ans, et se faire accompagner par son m\u00e9decin traitant, qui est l\u00e0 pour accompagner la bonne sant\u00e9, et pas que les pathologies&nbsp;\u00bb. Et s\u2019il faut \u00eatre proactif, \u00ab&nbsp;il est important de rester actif, insiste le Docteur <a href=\"https:\/\/fr.wikipedia.org\/wiki\/Christophe_de_Jaeger\" target=\"_blank\" rel=\"noreferrer noopener\">de Jaeger<\/a>. C\u2019est un trait commun \u00e0 ceux qui vieillissent en bonne sant\u00e9 plus longtemps. Cela peut \u00eatre le travail, mais aussi le fait de s\u2019investir dans une association, des loisirs. Il s\u2019agit de ne pas se mettre en retrait de la vie et de la soci\u00e9t\u00e9&nbsp;\u00bb.<\/p>\n\n\n\n<p>Mais <a rel=\"noreferrer noopener\" href=\"https:\/\/www.20minutes.fr\/economie\/emploi\/\" target=\"_blank\">l\u2019activit\u00e9 professionnelle<\/a>, elle, peut atteindre ses limites. \u00ab&nbsp;S\u2019imaginer faire partir plus tard \u00e0 la retraite des gens qui ont des m\u00e9tiers difficiles, c&rsquo;est se heurter \u00e0 une r\u00e9alit\u00e9 que les porteurs de la r\u00e9forme ne semblent pas voir, insiste le Dr Marty. Dites \u00e0 une aide-soignante qu\u2019elle partira \u00e0 la retraite \u00e0 64 ou 65 ans, alors qu\u2019elle porte des corps toute la journ\u00e9e et a le dos cass\u00e9 \u00e0 50 ans \u00e0 force de lever des malades, c\u2019est un non-sens. Si on n\u2019adapte pas les postes de travail et le d\u00e9part \u00e0 la retraite par m\u00e9tier, c\u2019est une impasse, et un risque de faire reculer l\u2019esp\u00e9rance de vie en bonne sant\u00e9&nbsp;\u00bb.<\/p>\n\n\n\n<figure class=\"wp-block-image size-medium is-resized is-style-default\"><a href=\"https:\/\/i0.wp.com\/www.institut-prevention-sante-longevite.fr\/wp-content\/uploads\/2023\/10\/Livre-CDJ-2023-jpg.webp?ssl=1\"><img data-recalc-dims=\"1\" data-dominant-color=\"c7c9d4\" data-has-transparency=\"false\" style=\"--dominant-color: #c7c9d4;\" decoding=\"async\" sizes=\"(max-width: 800px) 100vw, 800px\" src=\"https:\/\/i0.wp.com\/www.institut-prevention-sante-longevite.fr\/wp-content\/uploads\/2023\/10\/Livre-CDJ-2023-225x300.webp?resize=195%2C259&#038;ssl=1\" alt=\"\" class=\"wp-image-4652 not-transparent\" width=\"195\" height=\"259\" srcset=\"https:\/\/i0.wp.com\/www.institut-prevention-sante-longevite.fr\/wp-content\/uploads\/2023\/10\/Livre-CDJ-2023-jpg.webp?resize=225%2C300&amp;ssl=1 225w, https:\/\/i0.wp.com\/www.institut-prevention-sante-longevite.fr\/wp-content\/uploads\/2023\/10\/Livre-CDJ-2023-jpg.webp?w=448&amp;ssl=1 448w\" \/><\/a><\/figure>\n\n\n\n<p>Le <a href=\"https:\/\/fr.wikipedia.org\/wiki\/Christophe_de_Jaeger\" target=\"_blank\" rel=\"noreferrer noopener\">Docteur Christophe de Jaeger<\/a> est m\u00e9decin et son travail est centr\u00e9 sur la physiologie de la s\u00e9nescence depuis plus de 30 ans.<\/p>\n\n\n\n<p>Il a d\u00e9velopp\u00e9 en particulier la notion d\u2019\u00e2ge physiologique (diff\u00e9rent de l\u2019\u00e2ge chronologique et<\/p>\n\n\n\n<p>de l\u2019\u00e2ge ressenti) et sa prise en charge afin d\u2019optimiser le capital sant\u00e9 de chacun et de lui conserver le plus longtemps possible ses capacit\u00e9s physiologiques. En d\u2019autres termes, rester en bonne sant\u00e9 le plus longtemps possible.<\/p>\n\n\n\n<p>De formation initiale g\u00e9rontologue, il a rapidement compl\u00e9t\u00e9 son cursus \u00e0 la facult\u00e9 des sciences en biologie de la s\u00e9nescence. Il enseigne \u00e0 la facult\u00e9 de m\u00e9decine de Paris et de Lille et \u00e9galement \u00e0 la facult\u00e9 des sciences dans le Master de biologie du vieillissement. Il a \u00e9crit ou co\u00e9crit de nombreux livres dont une dizaine grand public, ainsi que de nombreux articles scientifiques.<\/p>\n\n\n\n<p>Son dernier ouvrage grand public \u00a0\u00bb<a href=\"https:\/\/www.amazon.fr\/dp\/2813229954?tag=doctissimo01-azz-94-21\" target=\"_blank\" rel=\"noreferrer noopener\">M\u00e9decine de la Long\u00e9vit\u00e9 : Une r\u00e9volution !<\/a>\u00a0\u00bb est publi\u00e9 en octobre 2023 chez Guy Tr\u00e9daniel \u00e9diteur.<\/p>\n\n\n\n<p>L&rsquo;article \u00e0 lire sur le site <a rel=\"noreferrer noopener\" href=\"https:\/\/www.20minutes.fr\/sante\/4019319-20230118-reforme-retraites-esperance-vie-bonne-sante-aujourd-hui-64-ans\" target=\"_blank\">20 <\/a><a href=\"https:\/\/www.20minutes.fr\/sante\/4019319-20230118-reforme-retraites-esperance-vie-bonne-sante-aujourd-hui-64-ans\" target=\"_blank\" rel=\"noreferrer noopener\">M<\/a><a rel=\"noreferrer noopener\" href=\"https:\/\/www.20minutes.fr\/sante\/4019319-20230118-reforme-retraites-esperance-vie-bonne-sante-aujourd-hui-64-ans\" target=\"_blank\">inutes<\/a><\/p>\n","protected":false},"excerpt":{"rendered":"<p>Alors que le projet de r\u00e9forme des retraites port\u00e9 par le gouvernement pr\u00e9voit un allongement de la dur\u00e9e de cotisation, un d\u00e9part plus tardif \u00e0 la retraite soul\u00e8ve la question de l\u2019esp\u00e9rance de vie en bonne sant\u00e9 Anissa Boumediene Journaliste \u00e0 20 Minutes depuis 2014. Voyager. Profiter de ses petits-enfants. Se mettre \u00e0 la poterie [&hellip;]<\/p>\n","protected":false},"author":5,"featured_media":3240,"comment_status":"closed","ping_status":"closed","sticky":false,"template":"","format":"standard","meta":{"_acf_changed":false,"_jetpack_memberships_contains_paid_content":false,"footnotes":""},"categories":[40],"tags":[],"class_list":["post-3239","post","type-post","status-publish","format-standard","has-post-thumbnail","hentry","category-actualites"],"acf":[],"jetpack_featured_media_url":"https:\/\/i0.wp.com\/www.institut-prevention-sante-longevite.fr\/wp-content\/uploads\/2023\/01\/20-01-2023-Reforme-des-retraites-2.jpg?fit=1920%2C1280&ssl=1","jetpack_sharing_enabled":true,"_links":{"self":[{"href":"https:\/\/www.institut-prevention-sante-longevite.fr\/fr\/wp-json\/wp\/v2\/posts\/3239","targetHints":{"allow":["GET"]}}],"collection":[{"href":"https:\/\/www.institut-prevention-sante-longevite.fr\/fr\/wp-json\/wp\/v2\/posts"}],"about":[{"href":"https:\/\/www.institut-prevention-sante-longevite.fr\/fr\/wp-json\/wp\/v2\/types\/post"}],"author":[{"embeddable":true,"href":"https:\/\/www.institut-prevention-sante-longevite.fr\/fr\/wp-json\/wp\/v2\/users\/5"}],"replies":[{"embeddable":true,"href":"https:\/\/www.institut-prevention-sante-longevite.fr\/fr\/wp-json\/wp\/v2\/comments?post=3239"}],"version-history":[{"count":4,"href":"https:\/\/www.institut-prevention-sante-longevite.fr\/fr\/wp-json\/wp\/v2\/posts\/3239\/revisions"}],"predecessor-version":[{"id":3255,"href":"https:\/\/www.institut-prevention-sante-longevite.fr\/fr\/wp-json\/wp\/v2\/posts\/3239\/revisions\/3255"}],"wp:featuredmedia":[{"embeddable":true,"href":"https:\/\/www.institut-prevention-sante-longevite.fr\/fr\/wp-json\/wp\/v2\/media\/3240"}],"wp:attachment":[{"href":"https:\/\/www.institut-prevention-sante-longevite.fr\/fr\/wp-json\/wp\/v2\/media?parent=3239"}],"wp:term":[{"taxonomy":"category","embeddable":true,"href":"https:\/\/www.institut-prevention-sante-longevite.fr\/fr\/wp-json\/wp\/v2\/categories?post=3239"},{"taxonomy":"post_tag","embeddable":true,"href":"https:\/\/www.institut-prevention-sante-longevite.fr\/fr\/wp-json\/wp\/v2\/tags?post=3239"}],"curies":[{"name":"wp","href":"https:\/\/api.w.org\/{rel}","templated":true}]}}