{"id":3613,"date":"2023-04-14T08:31:42","date_gmt":"2023-04-14T07:31:42","guid":{"rendered":"https:\/\/www.institut-prevention-sante-longevite.fr\/?p=3613"},"modified":"2023-04-14T08:31:44","modified_gmt":"2023-04-14T07:31:44","slug":"vitamine-d-et-immunite","status":"publish","type":"post","link":"https:\/\/www.institut-prevention-sante-longevite.fr\/fr\/vitamine-d-et-immunite\/","title":{"rendered":"Vitamine D et Immunit\u00e9"},"content":{"rendered":"\n<p>Par le Docteur <a href=\"https:\/\/fr.wikipedia.org\/wiki\/Christophe_de_Jaeger\" target=\"_blank\" rel=\"noreferrer noopener\">Christophe de Jaeger<\/a> &#8211; Avril 2020<\/p>\n\n\n\n<p>La vitamine D est une hormone de type st\u00e9ro\u00efde (mais on continue \u00e0 l\u2019appeler \u00ab\u00a0vitamine\u00a0\u00bb pour des raisons sur lesquelles nous devrions un jour nous pencher) qui agit en se liant \u00e0 un r\u00e9cepteur sp\u00e9cifique de la \u00ab\u00a0vitamine\u00a0\u00bb D. Elle est connue pour son r\u00f4le dans la r\u00e9gulation des niveaux de calcium et de phosphore, ainsi que dans la min\u00e9ralisation osseuse. Mais la vitamine D pr\u00e9sente d&rsquo;autres effets importants ignor\u00e9s le plus souvent du grand public. Parmi les actions non osseuses de la vitamine D, on trouve la r\u00e9gulation de la fonction immunitaire, la diff\u00e9renciation et la prolif\u00e9ration des cellules h\u00e9matopo\u00ef\u00e9tiques.<\/p>\n\n\n\n<figure class=\"wp-block-image size-large\"><a href=\"https:\/\/i0.wp.com\/www.institut-prevention-sante-longevite.fr\/wp-content\/uploads\/2023\/04\/14-04-2023-Imunite-Vit-D-1.jpg?ssl=1\"><img data-recalc-dims=\"1\" fetchpriority=\"high\" decoding=\"async\" width=\"800\" height=\"450\" sizes=\"(max-width: 800px) 100vw, 800px\" src=\"https:\/\/i0.wp.com\/www.institut-prevention-sante-longevite.fr\/wp-content\/uploads\/2023\/04\/14-04-2023-Imunite-Vit-D-1.jpg?resize=800%2C450&#038;ssl=1\" alt=\"\" class=\"wp-image-3618\" srcset=\"https:\/\/i0.wp.com\/www.institut-prevention-sante-longevite.fr\/wp-content\/uploads\/2023\/04\/14-04-2023-Imunite-Vit-D-1.jpg?resize=1024%2C576&amp;ssl=1 1024w, https:\/\/i0.wp.com\/www.institut-prevention-sante-longevite.fr\/wp-content\/uploads\/2023\/04\/14-04-2023-Imunite-Vit-D-1.jpg?resize=300%2C169&amp;ssl=1 300w, https:\/\/i0.wp.com\/www.institut-prevention-sante-longevite.fr\/wp-content\/uploads\/2023\/04\/14-04-2023-Imunite-Vit-D-1.jpg?resize=768%2C432&amp;ssl=1 768w, https:\/\/i0.wp.com\/www.institut-prevention-sante-longevite.fr\/wp-content\/uploads\/2023\/04\/14-04-2023-Imunite-Vit-D-1.jpg?resize=1536%2C864&amp;ssl=1 1536w, https:\/\/i0.wp.com\/www.institut-prevention-sante-longevite.fr\/wp-content\/uploads\/2023\/04\/14-04-2023-Imunite-Vit-D-1.jpg?w=1920&amp;ssl=1 1920w, https:\/\/i0.wp.com\/www.institut-prevention-sante-longevite.fr\/wp-content\/uploads\/2023\/04\/14-04-2023-Imunite-Vit-D-1.jpg?w=1600&amp;ssl=1 1600w\" \/><\/a><\/figure>\n\n\n\n<p>Au cours des 20 derni\u00e8res ann\u00e9es, de plus en plus d\u2019\u00e9tudes scientifiques ont r\u00e9v\u00e9l\u00e9 l\u2019association existante entre la carence en vitamine D et un risque accru de contracter diverses maladies infectieuses ainsi qu\u2019une issue moins favorable pour les patients pr\u00e9sentant une carence en vitamine D en pr\u00e9sence d\u2019infections.<\/p>\n\n\n\n<p>Or, le d\u00e9ficit en vitamine D est courant dans la population g\u00e9n\u00e9rale.<\/p>\n\n\n\n<p>La vitamine D est une hormone de type st\u00e9ro\u00efde (famille de la testost\u00e9rone, des estrog\u00e8nes\u2026), liposoluble, synth\u00e9tis\u00e9e en plusieurs \u00e9tapes dans notre organisme. Le 7-d\u00e9shydrocholest\u00e9rol (d\u00e9riv\u00e9 du cholest\u00e9rol) va sous l\u2019action des ultraviolets, au niveau de la peau, se transformer en chol\u00e9calcif\u00e9rol. Celui-ci sera ensuite hydroxyl\u00e9 deux fois (dans le foie, puis dans le rein) pour devenir compl\u00e8tement activ\u00e9 sous forme de 1,25 (OH) vitamine D3 ou calcitriol (forme active de la vitamine D). C\u2019est cette forme hormonale active qui sera transport\u00e9 dans le sang vers des tissus cibles, se liant avec un r\u00e9cepteur sp\u00e9cifique. Le complexe hormone-r\u00e9cepteur migre alors vers le noyau cellulaire pour activer ou inhiber des g\u00e8nes (plus de 200 g\u00e8nes sont actuellement r\u00e9pertori\u00e9s). Nous sommes donc typiquement devant un m\u00e9tabolisme de type hormonal et non vitaminique.<\/p>\n\n\n\n<p>De fa\u00e7on g\u00e9n\u00e9rale, la vitamine D3 active le syst\u00e8me immunitaire. La pr\u00e9sence de vitamine D3 va favoriser l\u2019expression des peptides antimicrobiens par les cellules \u00e9pith\u00e9liales et les macrophages en pr\u00e9sence d\u2019un agent infectieux. Les macrophages et les monocytes jouent un r\u00f4le cl\u00e9 dans l&rsquo;initiation de r\u00e9ponses non sp\u00e9cifiques \u00e0 des organismes pathog\u00e8nes ou \u00e0 des l\u00e9sions tissulaires. Ce r\u00f4le consiste \u00e0 phagocyter (englober et d\u00e9truire) des pathog\u00e8nes (virus ou bact\u00e9ries) ou des d\u00e9bris cellulaires puis \u00e0 les \u00e9liminer ou les assimiler.<\/p>\n\n\n\n<p>Une carence en vitamine D3 est associ\u00e9e \u00e0 un risque accru d&rsquo;infections virales, dont le VIH et la grippe. De faibles niveaux en vitamine D3 semblent \u00e9galement \u00eatre un facteur de risque pour la tuberculose. Les macrophages ou les monocytes expos\u00e9s \u00e0 un agent infectieux comme le bacille de la tuberculose, surexpriment le \u00ab toll-like receptor 2 \u00bb, le r\u00e9cepteur \u00e0 la vitamine D3 et la 1-alpha hydroxylase. Si la concentration de vitamine D dans le liquide extracellulaire de ces cellules est suffisante, la vitamine D3 va \u00eatre synth\u00e9tiser, qui va induire la production de prot\u00e9ines, en particulier la cath\u00e9licidine, que l\u2019on peut consid\u00e9rer comme un antibiotique naturel, et qui va d\u00e9truire l\u2019agent infectieux. Ce m\u00e9canisme explique (au moins en partie) la relation entre la fr\u00e9quence de la tuberculose et des concentrations basses en vitamine D retrouv\u00e9e dans des \u00e9tudes \u00e9pid\u00e9miologiques.<\/p>\n\n\n\n<p>En outre, dans les macrophages, la vitamine D3 supprime l\u2019activit\u00e9 des cytokines pro-inflammatoires (IFNy, TNFa, IL-12). La carence en vitamine D3, plus fr\u00e9quente durant l\u2019hiver, pourrait participer au caract\u00e8re saisonnier des infections grippales.<\/p>\n\n\n\n<p>Notre connaissance des effets de la vitamine D3 a consid\u00e9rablement augment\u00e9 au cours des derni\u00e8res ann\u00e9es. Les m\u00e9canismes d&rsquo;action et le r\u00f4le du r\u00e9cepteur de la vitamine D3 en plus de ses effets classiques sur le calcium et l&rsquo;hom\u00e9ostasie osseuse sont bien \u00e9tablis. Le r\u00e9cepteur de vitamine est exprim\u00e9 sur les cellules immunitaires, qui sont capables de synth\u00e9tiser le m\u00e9tabolite actif de la vitamine D. De plus, la vitamine D a la capacit\u00e9 d&rsquo;agir de mani\u00e8re autocrine et peut moduler les r\u00e9ponses immunitaires inn\u00e9es et adaptatives.<\/p>\n\n\n\n<p>Le r\u00f4le de la suppl\u00e9mentation en vitamine D3 est g\u00e9n\u00e9ralement bien admis. Mais se pose la question de la dose que chacun doit prendre s\u2019il pr\u00e9sente une carence, car tout va d\u00e9pendre de votre statut propre en vitamine D3 (\u00eates-vous un peu ou beaucoup carenc\u00e9 en vitamine D3). Un statut insuffisant en vitamine D3 va probablement majorer votre risque d\u2019infection et une correction de cette carence peut s\u2019envisager. Elle n\u00e9cessitera des apports alimentaires adapt\u00e9e et\/ ou une suppl\u00e9mentation externe en vitamine D3 qui fourniront des niveaux plasmatiques ad\u00e9quats. Mais seuls des dosages et une surveillance biologique adapt\u00e9e pourront en d\u00e9terminer la validit\u00e9. L\u2019int\u00e9r\u00eat \u00e9tant de pr\u00e9venir et \/ ou de compenser une carence de l\u2019organisme en vitamine D3 et donc de contribuer \u00e0 augmenter les capacit\u00e9s d\u00e9fensives de l\u2019organisme.<\/p>\n\n\n\n<p><strong>Auteur\u00a0: Docteur <a href=\"https:\/\/fr.wikipedia.org\/wiki\/Christophe_de_Jaeger\" target=\"_blank\" rel=\"noreferrer noopener\">Christophe de JAEGER<\/a><\/strong><\/p>\n\n\n\n<figure class=\"wp-block-image size-medium is-resized is-style-default\"><a href=\"https:\/\/i0.wp.com\/www.institut-prevention-sante-longevite.fr\/wp-content\/uploads\/2023\/10\/Livre-CDJ-2023-jpg.webp?ssl=1\"><img data-recalc-dims=\"1\" data-dominant-color=\"c7c9d4\" data-has-transparency=\"false\" style=\"--dominant-color: #c7c9d4;\" decoding=\"async\" sizes=\"(max-width: 800px) 100vw, 800px\" src=\"https:\/\/i0.wp.com\/www.institut-prevention-sante-longevite.fr\/wp-content\/uploads\/2023\/10\/Livre-CDJ-2023-225x300.webp?resize=195%2C259&#038;ssl=1\" alt=\"\" class=\"wp-image-4652 not-transparent\" width=\"195\" height=\"259\" srcset=\"https:\/\/i0.wp.com\/www.institut-prevention-sante-longevite.fr\/wp-content\/uploads\/2023\/10\/Livre-CDJ-2023-jpg.webp?resize=225%2C300&amp;ssl=1 225w, https:\/\/i0.wp.com\/www.institut-prevention-sante-longevite.fr\/wp-content\/uploads\/2023\/10\/Livre-CDJ-2023-jpg.webp?w=448&amp;ssl=1 448w\" \/><\/a><\/figure>\n\n\n\n<p>Le <a href=\"https:\/\/fr.wikipedia.org\/wiki\/Christophe_de_Jaeger\" target=\"_blank\" rel=\"noreferrer noopener\">Docteur Christophe de Jaeger<\/a> est m\u00e9decin et son travail est centr\u00e9 sur la physiologie de la s\u00e9nescence depuis plus de 30 ans.<\/p>\n\n\n\n<p>Il a d\u00e9velopp\u00e9 en particulier la notion d\u2019\u00e2ge physiologique (diff\u00e9rent de l\u2019\u00e2ge chronologique et<\/p>\n\n\n\n<p>de l\u2019\u00e2ge ressenti) et sa prise en charge afin d\u2019optimiser le capital sant\u00e9 de chacun et de lui conserver le plus longtemps possible ses capacit\u00e9s physiologiques. En d\u2019autres termes, rester en bonne sant\u00e9 le plus longtemps possible.<\/p>\n\n\n\n<p>De formation initiale g\u00e9rontologue, il a rapidement compl\u00e9t\u00e9 son cursus \u00e0 la facult\u00e9 des sciences en biologie de la s\u00e9nescence. Il enseigne \u00e0 la facult\u00e9 de m\u00e9decine de Paris et de Lille et \u00e9galement \u00e0 la facult\u00e9 des sciences dans le Master de biologie du vieillissement. Il a \u00e9crit ou co\u00e9crit de nombreux livres dont une dizaine grand public, ainsi que de nombreux articles scientifiques.<\/p>\n\n\n\n<p>Son dernier ouvrage grand public \u00a0\u00bb<a href=\"https:\/\/www.amazon.fr\/dp\/2813229954?tag=doctissimo01-azz-94-21\" target=\"_blank\" rel=\"noreferrer noopener\">M\u00e9decine de la Long\u00e9vit\u00e9 : Une r\u00e9volution !<\/a>\u00a0\u00bb est publi\u00e9 en octobre 2023 chez Guy Tr\u00e9daniel \u00e9diteur.<\/p>\n\n\n\n<p><strong>R\u00e9f\u00e9rences&nbsp;:<\/strong><\/p>\n\n\n\n<p>Aloia JF, Li-Ng M :. Re: epidemic influenza and vitamin D. Epidemiol Infect 2007 ; 135: 1095-6.<\/p>\n\n\n\n<p>Aranow, C. Vitamin D and the immune system. J. Investig. Med. 2011, 59, 881\u2013886.<br>Gil, A.; Plaza-Diaz, J.; Mesa, M.D. Vitamin D: Classic and novel actions. Ann. Nutr. Metab. 2018, 72, 87\u201395.<\/p>\n\n\n\n<p>Beard JA, Bearden A, Striker R, \u00ab Vitamin D and the anti-viral state \u00bb, Journal of clinical virology : the official publication of the Pan American Society for Clinical Virology, vol. 50, no 3,\u200e mars 2011, p. 194\u2013200<\/p>\n\n\n\n<p>Bhalla, A.K.; Amento, E.P.; Serog, B.; Glimcher, L.H. 1,25-Dihydroxyvitamin D3 inhibits antigen-induced T cell activation. J. Immunol. 1984, 133, 1748\u20131754.<\/p>\n\n\n\n<p>Boland, R. Role of vitamin D in skeletal muscle function. Endocr. Rev. 1986, 7, 434\u2013448<\/p>\n\n\n\n<p>Cannell JJ, Vieth R, Umhau JC, Holick MF, Grant WB, Madronich S, Garland CF, Giovannucci E, \u00ab Epidemic influenza and vitamin D \u00bb, Epidemiology and Infection, vol. 134, no 6,\u200e 2006, p. 1129\u201340<\/p>\n\n\n\n<p>Chan TYK. Vitamin D deficiency and susceptibility to tuberculosis. Calcif Tissue Int 2000; 66: 476-8.<\/p>\n\n\n\n<p>Ewison M, \u00ab Vitamin D and innate and adaptive immunity \u00bb, Vitam. Horm., vol. 86,\u200e 2011, p. 23\u201362<\/p>\n\n\n\n<p>Holick,M.F.;McLaughlin,J.A.;Clark,M.B.;Holick,S.A.;Potts,J.T.J.;Anderson,R.R.;Blank,I.H.;Parrish,J.A.; Elias, P. Photosynthesis of previtamin D3 in human and the physiologic consequences. Science 1980, 210, 203\u2013205.<\/p>\n\n\n\n<p>James R. Sabetta, Paolo DePetrillo, Ralph J. Cipriani, Joanne Smardin, Lillian A. Burns, Marie L. Landry : Serum 25-Hydroxyvitamin D and the Incidence of Acute Viral Respiratory Tract Infections in Healthy Adults Published: June 14, 2010.<\/p>\n\n\n\n<p>Khajavi et al. The rachitic lung: pulmonary findings in 30 infants and children with malnutritional rickets. Clin Pediatr 1977 16: 36-38.<\/p>\n\n\n\n<p>Koef\ufb02er, H.P.; Amatruda, T.; Ikekawa, N.; Kobayashi, Y.; DeLuca, H.F. Induction of macrophage differentiation of human normal and leukemic myeloid stem cells by 1,25-dihydroxyvitamin D3 and its \ufb02uorinated analogues. Cancer Res. 1984, 44, 5624\u20135628.<\/p>\n\n\n\n<p>Liu PT, Stenger S, Li H, Wenzel L, Tan BH, Krutzik SR et al. Toll-like receptor triggering of a vitamin D-mediated human antimicrobial response. Science 2006; 311: 1770-3.<\/p>\n\n\n\n<p>Luong Kv, Nguyen LT, \u00ab Impact of vitamin D in the treatment of tuberculosis \u00bb, The American journal of the medical sciences, vol. 341, no 6,\u200e juin 2011, p. 493\u20138<\/p>\n\n\n\n<p>Martineau, A.R.; Timms, P.M.; Bothamley, G.H.; Hanifa, Y.; Islam, K.; Claxton, A.P.; Packe, G.E.;<br>Moore-Gillon, J.C.; Darmalingam, M.; Davidson, R.N.; et al. High-dose vitamin D (3) during intensive-phase antimicrobial treatment of pulmonary tuberculosis: A double-blind randomised controlled trial. Lancet 2011, 377, 242\u2013250.<\/p>\n\n\n\n<p>Nnoaham KE, Clarke A, \u00ab Low serum vitamin D levels and tuberculosis: a systematic review and meta-analysis \u00bb, International Journal of Epidemiology, vol. 37, no 1,\u200e f\u00e9vrier 2008, p. 113\u20139.<\/p>\n\n\n\n<p>Randoux A., Biochimie dynamique, De Boeck Sup\u00e9rieur, 1997, p. 453.<\/p>\n\n\n\n<p>Spector SA, \u00ab Vitamin D and HIV: letting the sun shine in \u00bb, Topics in antiviral medicine, vol. 19, no 1,\u200e f\u00e9vrier 2011, p. 6\u201310<\/p>\n\n\n\n<p>Wejse,C.;Gomes,V.F.;Rabna,P.;Gustafson,P.;Aaby,P.;Lisse,I.M.;Andersen,P.L.;Glerup,H.;Sodemann,M. Vitamin D as supplementary treatment for tuberculosis: A double-blind, randomized, placebo-controlled trial. Am. J. Respir. Crit. Care Med. 2009, 179, 843\u2013850.<\/p>\n","protected":false},"excerpt":{"rendered":"<p>Par le Docteur Christophe de Jaeger &#8211; Avril 2020 La vitamine D est une hormone de type st\u00e9ro\u00efde (mais on continue \u00e0 l\u2019appeler \u00ab\u00a0vitamine\u00a0\u00bb pour des raisons sur lesquelles nous devrions un jour nous pencher) qui agit en se liant \u00e0 un r\u00e9cepteur sp\u00e9cifique de la \u00ab\u00a0vitamine\u00a0\u00bb D. Elle est connue pour son r\u00f4le dans [&hellip;]<\/p>\n","protected":false},"author":5,"featured_media":3614,"comment_status":"closed","ping_status":"closed","sticky":false,"template":"","format":"standard","meta":{"_acf_changed":false,"_jetpack_memberships_contains_paid_content":false,"footnotes":""},"categories":[40],"tags":[],"class_list":["post-3613","post","type-post","status-publish","format-standard","has-post-thumbnail","hentry","category-actualites"],"acf":[],"jetpack_featured_media_url":"https:\/\/i0.wp.com\/www.institut-prevention-sante-longevite.fr\/wp-content\/uploads\/2023\/04\/14-04-2023-Imunite-Vit-D-2.jpg?fit=1920%2C977&ssl=1","jetpack_sharing_enabled":true,"_links":{"self":[{"href":"https:\/\/www.institut-prevention-sante-longevite.fr\/fr\/wp-json\/wp\/v2\/posts\/3613","targetHints":{"allow":["GET"]}}],"collection":[{"href":"https:\/\/www.institut-prevention-sante-longevite.fr\/fr\/wp-json\/wp\/v2\/posts"}],"about":[{"href":"https:\/\/www.institut-prevention-sante-longevite.fr\/fr\/wp-json\/wp\/v2\/types\/post"}],"author":[{"embeddable":true,"href":"https:\/\/www.institut-prevention-sante-longevite.fr\/fr\/wp-json\/wp\/v2\/users\/5"}],"replies":[{"embeddable":true,"href":"https:\/\/www.institut-prevention-sante-longevite.fr\/fr\/wp-json\/wp\/v2\/comments?post=3613"}],"version-history":[{"count":1,"href":"https:\/\/www.institut-prevention-sante-longevite.fr\/fr\/wp-json\/wp\/v2\/posts\/3613\/revisions"}],"predecessor-version":[{"id":3622,"href":"https:\/\/www.institut-prevention-sante-longevite.fr\/fr\/wp-json\/wp\/v2\/posts\/3613\/revisions\/3622"}],"wp:featuredmedia":[{"embeddable":true,"href":"https:\/\/www.institut-prevention-sante-longevite.fr\/fr\/wp-json\/wp\/v2\/media\/3614"}],"wp:attachment":[{"href":"https:\/\/www.institut-prevention-sante-longevite.fr\/fr\/wp-json\/wp\/v2\/media?parent=3613"}],"wp:term":[{"taxonomy":"category","embeddable":true,"href":"https:\/\/www.institut-prevention-sante-longevite.fr\/fr\/wp-json\/wp\/v2\/categories?post=3613"},{"taxonomy":"post_tag","embeddable":true,"href":"https:\/\/www.institut-prevention-sante-longevite.fr\/fr\/wp-json\/wp\/v2\/tags?post=3613"}],"curies":[{"name":"wp","href":"https:\/\/api.w.org\/{rel}","templated":true}]}}