{"id":3651,"date":"2023-04-19T08:16:57","date_gmt":"2023-04-19T07:16:57","guid":{"rendered":"https:\/\/www.institut-prevention-sante-longevite.fr\/?p=3651"},"modified":"2023-04-21T10:44:07","modified_gmt":"2023-04-21T09:44:07","slug":"les-correcteurs-physiologiques","status":"publish","type":"post","link":"https:\/\/www.institut-prevention-sante-longevite.fr\/fr\/les-correcteurs-physiologiques\/","title":{"rendered":"Les Correcteurs Physiologiques\u00ae"},"content":{"rendered":"\n<p>Par le Docteur <a href=\"https:\/\/fr.wikipedia.org\/wiki\/Christophe_de_Jaeger\" target=\"_blank\" rel=\"noreferrer noopener\">Christophe de Jaeger<\/a> \u2013 Extrait de \u2018\u2019<a href=\"https:\/\/www.amazon.fr\/Bien-vieillir-m%C3%A9dicaments-Christophe-JAEGER\/dp\/2749148707\/ref=sr_1_1?keywords=bien+vieillir+sans+m%C3%A9dicaments&amp;qid=1670315054&amp;sprefix=%2Caps%2C43&amp;sr=8-1\" target=\"_blank\" rel=\"noreferrer noopener\">Bien vieillir sans m\u00e9dicaments<\/a>\u2019\u2019 aux \u00e9ditions du Cherche Midi<\/p>\n\n\n\n<figure class=\"wp-block-image size-large\"><a href=\"https:\/\/i0.wp.com\/www.institut-prevention-sante-longevite.fr\/wp-content\/uploads\/2023\/04\/19-04-2023-Correcteur-P-2.jpg?ssl=1\"><img data-recalc-dims=\"1\" fetchpriority=\"high\" decoding=\"async\" width=\"800\" height=\"470\" sizes=\"(max-width: 800px) 100vw, 800px\" src=\"https:\/\/i0.wp.com\/www.institut-prevention-sante-longevite.fr\/wp-content\/uploads\/2023\/04\/19-04-2023-Correcteur-P-2.jpg?resize=800%2C470&#038;ssl=1\" alt=\"\" class=\"wp-image-3656\" srcset=\"https:\/\/i0.wp.com\/www.institut-prevention-sante-longevite.fr\/wp-content\/uploads\/2023\/04\/19-04-2023-Correcteur-P-2.jpg?resize=1024%2C602&amp;ssl=1 1024w, https:\/\/i0.wp.com\/www.institut-prevention-sante-longevite.fr\/wp-content\/uploads\/2023\/04\/19-04-2023-Correcteur-P-2.jpg?resize=300%2C176&amp;ssl=1 300w, https:\/\/i0.wp.com\/www.institut-prevention-sante-longevite.fr\/wp-content\/uploads\/2023\/04\/19-04-2023-Correcteur-P-2.jpg?resize=768%2C452&amp;ssl=1 768w, https:\/\/i0.wp.com\/www.institut-prevention-sante-longevite.fr\/wp-content\/uploads\/2023\/04\/19-04-2023-Correcteur-P-2.jpg?resize=1536%2C903&amp;ssl=1 1536w, https:\/\/i0.wp.com\/www.institut-prevention-sante-longevite.fr\/wp-content\/uploads\/2023\/04\/19-04-2023-Correcteur-P-2.jpg?w=1920&amp;ssl=1 1920w, https:\/\/i0.wp.com\/www.institut-prevention-sante-longevite.fr\/wp-content\/uploads\/2023\/04\/19-04-2023-Correcteur-P-2.jpg?w=1600&amp;ssl=1 1600w\" \/><\/a><\/figure>\n\n\n\n<p><strong>Qu\u2019est-ce qu\u2019un correcteur physiologique\u00ae&nbsp;?<\/strong><\/p>\n\n\n\n<p>C\u2019est une notion fondamentale qui va de plus en plus devenir incontournable dans le domaine de la sant\u00e9. Un correcteur physiologique\u00ae est une substance qui biologiquement est parfaitement identique \u00e0 une mol\u00e9cule pr\u00e9sente normalement dans notre organisme, mais mois repr\u00e9sent\u00e9 ou moins active, du fait de notre vieillissement.<\/p>\n\n\n\n<p>Ce n\u2019est pas un m\u00e9dicament, qui est, par d\u00e9finition, une mol\u00e9cule \u00e9trang\u00e8re au corps humain et qui intervient pour traiter un trouble ou une maladie. Ce n\u2019est pas non plus un simple compl\u00e9ment alimentaire, qui r\u00e9pond plus \u00e0 des imp\u00e9ratifs commerciaux que de sant\u00e9.<\/p>\n\n\n\n<p>On peut distinguer deux types de correcteurs physiologiques\u00ae&nbsp;: les correcteurs physiologiques\u00ae hormonaux (CPH) et les correcteurs physiologiques\u00ae non hormonaux (CPNH). Les correcteurs hormonaux sont des hormones naturellement synth\u00e9tis\u00e9es par l\u2019organisme alors que les non-hormonaux sont des substances utiles au bon fonctionnement de l\u2019organisme, mais sans actions hormonale (la plupart des vitamines, oligo\u00e9l\u00e9ments, om\u00e9ga 3, etc).<\/p>\n\n\n\n<p><strong>Corriger vos d\u00e9ficits&nbsp;:<\/strong><\/p>\n\n\n\n<p>Notre organisme fonctionne gr\u00e2ce \u00e0 une multitude de mol\u00e9cules (prot\u00e9ines, peptides, enzymes, hormones, vitamines, oligo\u00e9l\u00e9ments\u2026) qui permettent son bon fonctionnement. Leur concentration et\/ou leur activit\u00e9 diminue avec l\u2019\u00e2ge. Il est donc logique pour le maintien de notre <strong><a href=\"https:\/\/www.institut-prevention-sante-longevite.fr\/fr\/sante\/\" target=\"_blank\" rel=\"noreferrer noopener\">Capital Sant\u00e9<\/a><\/strong> ou le ralentissement de notre vieillissement physiologique d\u2019en compenser les carences.<\/p>\n\n\n\n<p>Si l\u2019on veut rester dans le cadre d\u2019une prise en charge scientifiques, cela implique de faire un bilan objectif de ces carences par des dosages notamment sanguins et urinaires. Ces mesures permettent de diagnostiquer pr\u00e9cis\u00e9ment les d\u00e9ficits ou encore les exc\u00e8s (par exemple, le cholest\u00e9rol ou l\u2019homocyst\u00e9ine) qui sont le reflets des troubles progressifs de nos diff\u00e9rents syst\u00e8mes physiologiques de r\u00e9gulation et qui aboutissent, \u00e0 terme, \u00e0 des d\u00e9faillances entra\u00eenant l\u2019apparition des maladies. R\u00e9p\u00e9t\u00e9es, elles permettent \u00e9galement de suivre l\u2019efficacit\u00e9 des actions de correction mises en place. Pour corriger, <strong><u><a href=\"https:\/\/www.institut-prevention-sante-longevite.fr\/fr\/nos-bilans\/\" target=\"_blank\" rel=\"noreferrer noopener\">il ne faut pas avancer \u00e0 l\u2019aveugle<\/a><\/u><\/strong>.<\/p>\n\n\n\n<p>Chaque mol\u00e9cule, pr\u00e9sente dans notre organisme a un r\u00f4le pr\u00e9cis. Une correction des d\u00e9ficits physiologiques ne peut donc se concevoir sans un avis m\u00e9dical sp\u00e9cialis\u00e9. Il est \u00e9tonnant de voir le nombre de m\u00e9decins (ou de \u2018\u2019non-m\u00e9decins\u2019\u2019 d\u2019ailleurs) qui, sous pr\u00e9texte de \u2018\u2019naturel\u2019\u2019, recommandent, sans aucun dosage pr\u00e9alable, une multitude de compl\u00e9ments nutritionnels dont l\u2019efficacit\u00e9 ne peut \u00eatre au mieux que tr\u00e8s partielle, voir al\u00e9atoire, et au pire n\u00e9faste.<\/p>\n\n\n\n<p><strong>N&rsquo;attendons pas d\u2019\u00eatre malade pour agir&nbsp;:<\/strong><\/p>\n\n\n\n<p>Il faut d\u00e9finitivement abandonner l\u2019id\u00e9e faussement rassurante selon laquelle parce que nous ne sommes pas malades, nous sommes en bonne sant\u00e9.<\/p>\n\n\n\n<p>\u00catre en bonne sant\u00e9, ce n\u2019est pas seulement ne pas avoir de maladies av\u00e9r\u00e9es. De nombreuses pathologies mettent des ann\u00e9es avant de se r\u00e9v\u00e9ler. Et comme cela n\u2019amuse personne (patient et m\u00e9decin) de passer cette fronti\u00e8re entre sant\u00e9 et maladie, alors nous attendons d\u2019\u00eatre vraiment malades, diab\u00e9tiques ou hypertendus, avant d\u2019agir. Ces ann\u00e9es perdues ne font que favoriser l\u2019\u00e9tiolement de notre <strong><a href=\"https:\/\/www.institut-prevention-sante-longevite.fr\/fr\/sante\/\" target=\"_blank\" rel=\"noreferrer noopener\">Capital Sant\u00e9<\/a><\/strong>.<\/p>\n\n\n\n<p>Regardons notre sant\u00e9 diff\u00e9remment&nbsp;! N\u2019attendons pas d\u2019avoir un diab\u00e8te, une hypertension, un infarctus du myocarde, un accident vasculaire c\u00e9r\u00e9bral ou des troubles de la m\u00e9moire pour vous poser la question de votre <strong><a href=\"https:\/\/www.institut-prevention-sante-longevite.fr\/fr\/sante\/\" target=\"_blank\" rel=\"noreferrer noopener\">Capital Sant\u00e9<\/a><\/strong>. \u00catre en bonne sant\u00e9 veut dire \u00eatre actif, capable de bouger \u2018\u2019comme avant\u2019\u2019, ne pas \u00eatre limit\u00e9. Cette notion de \u2018\u2019comme avant\u2019\u2019 est tr\u00e8s importante, car elle veut dire s\u2019am\u00e9liorer, aller plus loin. D\u2019une part, c\u2019est possible, d\u2019autre part, nous le valons bien&nbsp;!<\/p>\n\n\n\n<p><strong>En pratique&nbsp;:<\/strong><\/p>\n\n\n\n<p>Soyez ambitieux pour vous, pour votre sant\u00e9.<\/p>\n\n\n\n<p>Il n\u2019est jamais trop tard pour commencer \u00e0 vous prendre en s\u00e9rieusement en main.<\/p>\n\n\n\n<p>N\u2019attendez pas d\u2019\u00eatre malade pour agir.<\/p>\n\n\n\n<p>M\u00eame malade, vous pouvez agir et am\u00e9liorer votre <strong><a href=\"https:\/\/www.institut-prevention-sante-longevite.fr\/fr\/sante\/\" target=\"_blank\" rel=\"noreferrer noopener\">Capital Sant\u00e9<\/a><\/strong> et, peut-\u00eatre, vous d\u00e9barrasser de certains m\u00e9dicaments, qui deviendront inutiles pour vous.<\/p>\n\n\n\n<p>Prenez conscience que vous avez un <strong><a href=\"https:\/\/www.institut-prevention-sante-longevite.fr\/fr\/sante\/\" target=\"_blank\" rel=\"noreferrer noopener\">Capital Sant\u00e9<\/a><\/strong> et que vous pouvez l\u2019am\u00e9liorer.<\/p>\n\n\n\n<p>Mobilisez votre \u00e9nergie pour am\u00e9liorer votre <strong><a href=\"https:\/\/www.institut-prevention-sante-longevite.fr\/fr\/sante\/\" target=\"_blank\" rel=\"noreferrer noopener\">Capital Sant\u00e9<\/a><\/strong> et retrouver vos sensations d\u2019avant.<\/p>\n\n\n\n<figure class=\"wp-block-image size-medium is-resized is-style-default\"><a href=\"https:\/\/i0.wp.com\/www.institut-prevention-sante-longevite.fr\/wp-content\/uploads\/2023\/10\/Livre-CDJ-2023-jpg.webp?ssl=1\"><img data-recalc-dims=\"1\" data-dominant-color=\"c7c9d4\" data-has-transparency=\"false\" style=\"--dominant-color: #c7c9d4;\" decoding=\"async\" sizes=\"(max-width: 800px) 100vw, 800px\" src=\"https:\/\/i0.wp.com\/www.institut-prevention-sante-longevite.fr\/wp-content\/uploads\/2023\/10\/Livre-CDJ-2023-225x300.webp?resize=195%2C259&#038;ssl=1\" alt=\"\" class=\"wp-image-4652 not-transparent\" width=\"195\" height=\"259\" srcset=\"https:\/\/i0.wp.com\/www.institut-prevention-sante-longevite.fr\/wp-content\/uploads\/2023\/10\/Livre-CDJ-2023-jpg.webp?resize=225%2C300&amp;ssl=1 225w, https:\/\/i0.wp.com\/www.institut-prevention-sante-longevite.fr\/wp-content\/uploads\/2023\/10\/Livre-CDJ-2023-jpg.webp?w=448&amp;ssl=1 448w\" \/><\/a><\/figure>\n\n\n\n<p>Le <a href=\"https:\/\/fr.wikipedia.org\/wiki\/Christophe_de_Jaeger\" target=\"_blank\" rel=\"noreferrer noopener\">Docteur Christophe de Jaeger<\/a> est m\u00e9decin et son travail est centr\u00e9 sur la physiologie de la s\u00e9nescence depuis plus de 30 ans.<\/p>\n\n\n\n<p>Il a d\u00e9velopp\u00e9 en particulier la notion d\u2019\u00e2ge physiologique (diff\u00e9rent de l\u2019\u00e2ge chronologique et<\/p>\n\n\n\n<p>de l\u2019\u00e2ge ressenti) et sa prise en charge afin d\u2019optimiser le capital sant\u00e9 de chacun et de lui conserver le plus longtemps possible ses capacit\u00e9s physiologiques. En d\u2019autres termes, rester en bonne sant\u00e9 le plus longtemps possible.<\/p>\n\n\n\n<p>De formation initiale g\u00e9rontologue, il a rapidement compl\u00e9t\u00e9 son cursus \u00e0 la facult\u00e9 des sciences en biologie de la s\u00e9nescence. Il enseigne \u00e0 la facult\u00e9 de m\u00e9decine de Paris et de Lille et \u00e9galement \u00e0 la facult\u00e9 des sciences dans le Master de biologie du vieillissement. Il a \u00e9crit ou co\u00e9crit de nombreux livres dont une dizaine grand public, ainsi que de nombreux articles scientifiques.<\/p>\n\n\n\n<p>Son dernier ouvrage grand public \u00a0\u00bb<a href=\"https:\/\/www.amazon.fr\/dp\/2813229954?tag=doctissimo01-azz-94-21\" target=\"_blank\" rel=\"noreferrer noopener\">M\u00e9decine de la Long\u00e9vit\u00e9 : Une r\u00e9volution !<\/a>\u00a0\u00bb est publi\u00e9 en octobre 2023 chez Guy Tr\u00e9daniel \u00e9diteur.<\/p>\n","protected":false},"excerpt":{"rendered":"<p>Qu&rsquo;est ce qu&rsquo;un correcteur physiologique ?<\/p>\n","protected":false},"author":5,"featured_media":3652,"comment_status":"closed","ping_status":"closed","sticky":false,"template":"","format":"standard","meta":{"_acf_changed":false,"_jetpack_memberships_contains_paid_content":false,"footnotes":""},"categories":[40],"tags":[],"class_list":["post-3651","post","type-post","status-publish","format-standard","has-post-thumbnail","hentry","category-actualites"],"acf":[],"jetpack_featured_media_url":"https:\/\/i0.wp.com\/www.institut-prevention-sante-longevite.fr\/wp-content\/uploads\/2023\/04\/19-04-2023-Correcteur-P-1.jpg?fit=1920%2C1372&ssl=1","jetpack_sharing_enabled":true,"_links":{"self":[{"href":"https:\/\/www.institut-prevention-sante-longevite.fr\/fr\/wp-json\/wp\/v2\/posts\/3651","targetHints":{"allow":["GET"]}}],"collection":[{"href":"https:\/\/www.institut-prevention-sante-longevite.fr\/fr\/wp-json\/wp\/v2\/posts"}],"about":[{"href":"https:\/\/www.institut-prevention-sante-longevite.fr\/fr\/wp-json\/wp\/v2\/types\/post"}],"author":[{"embeddable":true,"href":"https:\/\/www.institut-prevention-sante-longevite.fr\/fr\/wp-json\/wp\/v2\/users\/5"}],"replies":[{"embeddable":true,"href":"https:\/\/www.institut-prevention-sante-longevite.fr\/fr\/wp-json\/wp\/v2\/comments?post=3651"}],"version-history":[{"count":5,"href":"https:\/\/www.institut-prevention-sante-longevite.fr\/fr\/wp-json\/wp\/v2\/posts\/3651\/revisions"}],"predecessor-version":[{"id":3676,"href":"https:\/\/www.institut-prevention-sante-longevite.fr\/fr\/wp-json\/wp\/v2\/posts\/3651\/revisions\/3676"}],"wp:featuredmedia":[{"embeddable":true,"href":"https:\/\/www.institut-prevention-sante-longevite.fr\/fr\/wp-json\/wp\/v2\/media\/3652"}],"wp:attachment":[{"href":"https:\/\/www.institut-prevention-sante-longevite.fr\/fr\/wp-json\/wp\/v2\/media?parent=3651"}],"wp:term":[{"taxonomy":"category","embeddable":true,"href":"https:\/\/www.institut-prevention-sante-longevite.fr\/fr\/wp-json\/wp\/v2\/categories?post=3651"},{"taxonomy":"post_tag","embeddable":true,"href":"https:\/\/www.institut-prevention-sante-longevite.fr\/fr\/wp-json\/wp\/v2\/tags?post=3651"}],"curies":[{"name":"wp","href":"https:\/\/api.w.org\/{rel}","templated":true}]}}