{"id":4703,"date":"2023-11-07T11:51:21","date_gmt":"2023-11-07T10:51:21","guid":{"rendered":"https:\/\/www.institut-prevention-sante-longevite.fr\/?p=4703"},"modified":"2023-11-07T11:51:24","modified_gmt":"2023-11-07T10:51:24","slug":"une-etude-britannique-montre-que-les-capacites-cognitives-des-plus-de-50-ans-se-sont-deteriorees-pendant-la-pandemie-de-covid","status":"publish","type":"post","link":"https:\/\/www.institut-prevention-sante-longevite.fr\/fr\/une-etude-britannique-montre-que-les-capacites-cognitives-des-plus-de-50-ans-se-sont-deteriorees-pendant-la-pandemie-de-covid\/","title":{"rendered":"Une \u00e9tude britannique montre que les capacit\u00e9s cognitives des plus de 50 ans se sont d\u00e9t\u00e9rior\u00e9es pendant la pand\u00e9mie de Covid"},"content":{"rendered":"\n<p>News Day FR avec le Docteur <a href=\"https:\/\/fr.wikipedia.org\/wiki\/Christophe_de_Jaeger\" target=\"_blank\" rel=\"noreferrer noopener\">Christophe de Jaeger<\/a><\/p>\n\n\n\n<figure class=\"wp-block-image size-full is-resized\"><a href=\"https:\/\/i0.wp.com\/www.institut-prevention-sante-longevite.fr\/wp-content\/uploads\/2023\/11\/medium_2023-11-06-59913cb6c9-jpg.webp?ssl=1\"><img data-recalc-dims=\"1\" data-dominant-color=\"836a57\" data-has-transparency=\"false\" style=\"--dominant-color: #836a57;\" fetchpriority=\"high\" decoding=\"async\" sizes=\"(max-width: 800px) 100vw, 800px\" src=\"https:\/\/i0.wp.com\/www.institut-prevention-sante-longevite.fr\/wp-content\/uploads\/2023\/11\/medium_2023-11-06-59913cb6c9-jpg.webp?resize=700%2C450&#038;ssl=1\" alt=\"Une \u00e9tude britannique montre que les capacit\u00e9s cognitives des plus de 50 ans se sont d\u00e9t\u00e9rior\u00e9es pendant la pand\u00e9mie de Covid \" class=\"wp-image-4708 not-transparent\" width=\"700\" height=\"450\" srcset=\"https:\/\/i0.wp.com\/www.institut-prevention-sante-longevite.fr\/wp-content\/uploads\/2023\/11\/medium_2023-11-06-59913cb6c9-jpg.webp?w=700&amp;ssl=1 700w, https:\/\/i0.wp.com\/www.institut-prevention-sante-longevite.fr\/wp-content\/uploads\/2023\/11\/medium_2023-11-06-59913cb6c9-jpg.webp?resize=300%2C193&amp;ssl=1 300w\" \/><\/a><figcaption class=\"wp-element-caption\"><em>Une \u00e9tude britannique montre que les capacit\u00e9s cognitives des plus de 50 ans se sont d\u00e9t\u00e9rior\u00e9es pendant la pand\u00e9mie de Covid<\/em><\/figcaption><\/figure>\n\n\n\n<p>La vitesse de d\u00e9t\u00e9rioration des fonctions cognitives a \u00e9t\u00e9 particuli\u00e8rement rapide au cours de la premi\u00e8re ann\u00e9e de la pand\u00e9mie.<\/p>\n\n\n\n<p><strong>Atlantico : Selon l\u2019\u00e9tude PROTECT publi\u00e9e dans The Lancet Healthy Longevity, le confinement et les conditions restrictives auraient pu affecter les facult\u00e9s cognitives. Quelle a \u00e9t\u00e9 la m\u00e9thodologie utilis\u00e9e ? Quels r\u00e9sultats observ\u00e9s ?<\/strong><\/p>\n\n\n\n<p><strong><a href=\"https:\/\/fr.wikipedia.org\/wiki\/Christophe_de_Jaeger\" target=\"_blank\" rel=\"noreferrer noopener\">Christophe de Jaeger :<\/a><\/strong> Cette \u00e9tude r\u00e9alis\u00e9e au Royaume-Uni par le professeur Anne Corbett et son \u00e9quipe de l\u2019universit\u00e9 d\u2019Exeter est int\u00e9ressante, car elle s\u2019int\u00e9resse aux cons\u00e9quences de l\u2019isolement forc\u00e9 des populations pendant la pand\u00e9mie de Covid 19. n\u2019agit pas \u00e0 partir des cons\u00e9quences c\u00e9r\u00e9brales secondaires \u00e0 la condition COVID, mais \u00e0 partir des cons\u00e9quences des mesures de protection qui ont \u00e9t\u00e9 prises pour lutter contre la pand\u00e9mie.<\/p>\n\n\n\n<p>La m\u00e9thodologie utilis\u00e9e dans cette \u00e9tude a consist\u00e9 \u00e0 soumettre une population de 3 000 volontaires \u00e0 des auto-questionnaires annuels sur internet associ\u00e9s \u00e0 des tests de m\u00e9moire et de raisonnement. Celle-ci visait \u00e0 mettre en \u00e9vidence une alt\u00e9ration de leurs fonctions de m\u00e9moire, voire d\u2019autres capacit\u00e9s, tout au long de la pand\u00e9mie.<\/p>\n\n\n\n<p>Les r\u00e9sultats ont clairement montr\u00e9 une d\u00e9gradation des capacit\u00e9s c\u00e9r\u00e9brales des personnes suivies. L\u2019isolement avec ses cons\u00e9quences classiques, comme l\u2019isolement, le stress, la d\u00e9pression, la consommation d\u2019alcool ont \u00e9t\u00e9 mis en avant. G\u00e9rer la peur du COVID, s\u2019interroger sur les cons\u00e9quences de la pand\u00e9mie sur l\u2019environnement soci\u00e9tal et la disparition des routines pr\u00e9-COVID ont eu un r\u00e9el impact sur la sant\u00e9 c\u00e9r\u00e9brale des participants \u00e0 l\u2019\u00e9tude.<\/p>\n\n\n\n<p>La vitesse de d\u00e9t\u00e9rioration des fonctions cognitives a \u00e9t\u00e9 particuli\u00e8rement rapide au cours de la premi\u00e8re ann\u00e9e de la pand\u00e9mie. Les probl\u00e8mes de m\u00e9moire se sont aggrav\u00e9s au cours de la deuxi\u00e8me ann\u00e9e. Les personnes dont les fonctions cognitives se sont le plus d\u00e9t\u00e9rior\u00e9es sont celles qui avaient d\u00e9j\u00e0 eu des probl\u00e8mes.<\/p>\n\n\n\n<p><strong>Les restrictions que nous avons connues pendant la pand\u00e9mie de covid ont eu un impact r\u00e9el et durable sur la sant\u00e9 c\u00e9r\u00e9brale des personnes de plus de 50 ans. De quoi parle-t-on ? perte de m\u00e9moire? d\u2019autres sympt\u00f4mes ?<\/strong><\/p>\n\n\n\n<p>L\u2019un des avantages de cette \u00e9tude est qu\u2019elle a inclus des personnes de plus de 50 ans et pas seulement des seniors ou, autrement dit, une population g\u00e9riatrique. 50 ans repr\u00e9sentent une grande partie de la population. L\u2019\u00e9tude montre une alt\u00e9ration des fonctions cognitives dans cette population avec deux sc\u00e9narios : dans le groupe sain, sans pathologie c\u00e9r\u00e9brale, on observe l\u2019apparition de troubles de la m\u00e9moire et pour le groupe ayant d\u00e9j\u00e0 des troubles cognitifs pr\u00e9existants, une augmentation de ceux-ci.<\/p>\n\n\n\n<p>Une alt\u00e9ration des fonctions cognitives regroupe diff\u00e9rents types de sympt\u00f4mes : atteintes de la m\u00e9moire imm\u00e9diate, m\u00e9moire retard\u00e9e, difficult\u00e9s de raisonnement, parfois troubles du comportement, etc.<\/p>\n\n\n\n<p>L\u2019autre point important de cette \u00e9tude est qu\u2019elle montre la p\u00e9rennit\u00e9 des sympt\u00f4mes apparus ou aggrav\u00e9s.<\/p>\n\n\n\n<p><strong>Selon les experts, le stress, la solitude et la consommation d\u2019alcool pourraient expliquer certains r\u00e9sultats. Qu\u2019est-ce que c\u2019est vraiment ?<\/strong><\/p>\n\n\n\n<p>L\u2019isolement est un facteur majeur de perturbation des fonctions c\u00e9r\u00e9brales. Elle est souvent associ\u00e9e \u00e0 un syndrome anxio-d\u00e9pressif li\u00e9 \u00e0 la peur de l\u2019isolement, \u00e0 la peur de ses cons\u00e9quences\u2026 et enfin, \u00e0 la d\u00e9pression qui conduit au repli sur soi. L\u2019augmentation de la consommation d\u2019alcool ou la prise de m\u00e9dicaments ou de drogues sont des r\u00e9ponses classiques, mais n\u00e9fastes, \u00e0 ces situations.<\/p>\n\n\n\n<p><strong>La puissance c\u00e9r\u00e9brale a chut\u00e9 chez les plus de 50 ans. Rien chez les plus jeunes ?<\/strong><\/p>\n\n\n\n<p>L\u2019\u00e9tude ne mentionne pas le cas des plus jeunes. Mais l\u2019isolement est pr\u00e9judiciable \u00e0 chacun, quel que soit son \u00e2ge ou son sexe. Cela peut \u00e9galement conduire \u00e0 des comportements n\u00e9gatifs. Cela d\u00e9pendra principalement de la structure psychologique de la personne (fragile ou non) et de son environnement. Une personne plus jeune aura plus de capacit\u00e9 de r\u00e9cup\u00e9ration qu\u2019une personne de plus de (d\u00e9j\u00e0) 50 ans.<\/p>\n\n\n\n<p><strong>Le d\u00e9clin cognitif peut-il conduire \u00e0 la d\u00e9mence ?<\/strong><\/p>\n\n\n\n<p>Le d\u00e9clin cognitif est la premi\u00e8re \u00e9tape vers la d\u00e9mence. Des situations perturbantes, comme l\u2019isolement v\u00e9cu, vont, chez les personnes sans l\u00e9sions c\u00e9r\u00e9brales ant\u00e9rieures, favoriser l\u2019acc\u00e9l\u00e9ration de la s\u00e9nescence c\u00e9r\u00e9brale et favoriser, dans un avenir plus ou moins lointain, des troubles comme les \u00ab Light Cognitive Impairment \u00bb ou troubles cognitifs l\u00e9gers. qui dans un certain nombre de cas \u00e9voluera vers la d\u00e9mence.<\/p>\n\n\n\n<p>En revanche, chez une personne d\u00e9j\u00e0 fragilis\u00e9e par une alt\u00e9ration m\u00eame mod\u00e9r\u00e9e des fonctions cognitives, la survenue d\u2019un stress tel que celui de la pand\u00e9mie va provoquer une nette acc\u00e9l\u00e9ration de la symptomatologie et favoriser l\u2019\u00e9volution vers un syndrome de d\u00e9mence.<\/p>\n\n\n\n<p>Il est donc tr\u00e8s important de ne pas n\u00e9gliger cette souffrance v\u00e9cue par les personnes isol\u00e9es et surtout de l\u2019accompagner de soins m\u00e9dicaux adapt\u00e9s. Au moindre sympt\u00f4me, vous devez consulter votre m\u00e9decin g\u00e9n\u00e9raliste.<\/p>\n\n\n\n<p>Article \u00e0 retrouver sur le lien <a href=\"https:\/\/news.dayfr.com\/health\/2775590.html\" target=\"_blank\" rel=\"noreferrer noopener\">suivant<\/a><\/p>\n\n\n\n<figure class=\"wp-block-image size-medium is-resized is-style-default\"><a href=\"https:\/\/i0.wp.com\/www.institut-prevention-sante-longevite.fr\/wp-content\/uploads\/2023\/10\/Livre-CDJ-2023-jpg.webp?ssl=1\"><img data-recalc-dims=\"1\" data-dominant-color=\"c7c9d4\" data-has-transparency=\"false\" style=\"--dominant-color: #c7c9d4;\" decoding=\"async\" sizes=\"(max-width: 800px) 100vw, 800px\" src=\"https:\/\/i0.wp.com\/www.institut-prevention-sante-longevite.fr\/wp-content\/uploads\/2023\/10\/Livre-CDJ-2023-225x300.webp?resize=195%2C259&#038;ssl=1\" alt=\"\" class=\"wp-image-4652 not-transparent\" width=\"195\" height=\"259\" srcset=\"https:\/\/i0.wp.com\/www.institut-prevention-sante-longevite.fr\/wp-content\/uploads\/2023\/10\/Livre-CDJ-2023-jpg.webp?resize=225%2C300&amp;ssl=1 225w, https:\/\/i0.wp.com\/www.institut-prevention-sante-longevite.fr\/wp-content\/uploads\/2023\/10\/Livre-CDJ-2023-jpg.webp?w=448&amp;ssl=1 448w\" \/><\/a><\/figure>\n\n\n\n<p>Le <a href=\"https:\/\/fr.wikipedia.org\/wiki\/Christophe_de_Jaeger\" target=\"_blank\" rel=\"noreferrer noopener\">Docteur Christophe de Jaeger<\/a> est m\u00e9decin et son travail est centr\u00e9 sur la physiologie de la s\u00e9nescence depuis plus de 30 ans.<\/p>\n\n\n\n<p>Il a d\u00e9velopp\u00e9 en particulier la notion d\u2019\u00e2ge physiologique (diff\u00e9rent de l\u2019\u00e2ge chronologique et<\/p>\n\n\n\n<p>de l\u2019\u00e2ge ressenti) et sa prise en charge afin d\u2019optimiser le capital sant\u00e9 de chacun et de lui conserver le plus longtemps possible ses capacit\u00e9s physiologiques. En d\u2019autres termes, rester en bonne sant\u00e9 le plus longtemps possible.<\/p>\n\n\n\n<p>De formation initiale g\u00e9rontologue, il a rapidement compl\u00e9t\u00e9 son cursus \u00e0 la facult\u00e9 des sciences en biologie de la s\u00e9nescence. Il enseigne \u00e0 la facult\u00e9 de m\u00e9decine de Paris et de Lille et \u00e9galement \u00e0 la facult\u00e9 des sciences dans le Master de biologie du vieillissement. Il a \u00e9crit ou co\u00e9crit de nombreux livres dont une dizaine grand public, ainsi que de nombreux articles scientifiques.<\/p>\n\n\n\n<p>Son dernier ouvrage grand public \u00a0\u00bb<a href=\"https:\/\/www.amazon.fr\/dp\/2813229954?tag=doctissimo01-azz-94-21\" target=\"_blank\" rel=\"noreferrer noopener\">M\u00e9decine de la Long\u00e9vit\u00e9 : Une r\u00e9volution !<\/a>\u00a0\u00bb est publi\u00e9 en octobre 2023 chez Guy Tr\u00e9daniel \u00e9diteur.<\/p>\n","protected":false},"excerpt":{"rendered":"<p>News Day FR avec le Docteur Christophe de Jaeger La vitesse de d\u00e9t\u00e9rioration des fonctions cognitives a \u00e9t\u00e9 particuli\u00e8rement rapide au cours de la premi\u00e8re ann\u00e9e de la pand\u00e9mie. Atlantico : Selon l\u2019\u00e9tude PROTECT publi\u00e9e dans The Lancet Healthy Longevity, le confinement et les conditions restrictives auraient pu affecter les facult\u00e9s cognitives. Quelle a \u00e9t\u00e9 [&hellip;]<\/p>\n","protected":false},"author":5,"featured_media":4704,"comment_status":"closed","ping_status":"closed","sticky":false,"template":"","format":"standard","meta":{"_acf_changed":false,"_jetpack_memberships_contains_paid_content":false,"footnotes":""},"categories":[40],"tags":[],"class_list":["post-4703","post","type-post","status-publish","format-standard","has-post-thumbnail","hentry","category-actualites"],"acf":[],"jetpack_featured_media_url":"https:\/\/i0.wp.com\/www.institut-prevention-sante-longevite.fr\/wp-content\/uploads\/2023\/11\/czNmcy1wcml2YXRlL3Jhd3BpeGVsX2ltYWdlcy93ZWJzaXRlX2NvbnRlbnQvbHIvZmw1MDIyMDAwMzAyNi1pbWFnZS1rdTN2Ymxmby5qcGc-jpg.webp?fit=1300%2C867&ssl=1","jetpack_sharing_enabled":true,"_links":{"self":[{"href":"https:\/\/www.institut-prevention-sante-longevite.fr\/fr\/wp-json\/wp\/v2\/posts\/4703","targetHints":{"allow":["GET"]}}],"collection":[{"href":"https:\/\/www.institut-prevention-sante-longevite.fr\/fr\/wp-json\/wp\/v2\/posts"}],"about":[{"href":"https:\/\/www.institut-prevention-sante-longevite.fr\/fr\/wp-json\/wp\/v2\/types\/post"}],"author":[{"embeddable":true,"href":"https:\/\/www.institut-prevention-sante-longevite.fr\/fr\/wp-json\/wp\/v2\/users\/5"}],"replies":[{"embeddable":true,"href":"https:\/\/www.institut-prevention-sante-longevite.fr\/fr\/wp-json\/wp\/v2\/comments?post=4703"}],"version-history":[{"count":1,"href":"https:\/\/www.institut-prevention-sante-longevite.fr\/fr\/wp-json\/wp\/v2\/posts\/4703\/revisions"}],"predecessor-version":[{"id":4712,"href":"https:\/\/www.institut-prevention-sante-longevite.fr\/fr\/wp-json\/wp\/v2\/posts\/4703\/revisions\/4712"}],"wp:featuredmedia":[{"embeddable":true,"href":"https:\/\/www.institut-prevention-sante-longevite.fr\/fr\/wp-json\/wp\/v2\/media\/4704"}],"wp:attachment":[{"href":"https:\/\/www.institut-prevention-sante-longevite.fr\/fr\/wp-json\/wp\/v2\/media?parent=4703"}],"wp:term":[{"taxonomy":"category","embeddable":true,"href":"https:\/\/www.institut-prevention-sante-longevite.fr\/fr\/wp-json\/wp\/v2\/categories?post=4703"},{"taxonomy":"post_tag","embeddable":true,"href":"https:\/\/www.institut-prevention-sante-longevite.fr\/fr\/wp-json\/wp\/v2\/tags?post=4703"}],"curies":[{"name":"wp","href":"https:\/\/api.w.org\/{rel}","templated":true}]}}