{"id":4719,"date":"2023-11-13T09:38:54","date_gmt":"2023-11-13T08:38:54","guid":{"rendered":"https:\/\/www.institut-prevention-sante-longevite.fr\/?p=4719"},"modified":"2023-11-13T09:38:57","modified_gmt":"2023-11-13T08:38:57","slug":"voici-8-facons-de-rajeunir-de-6-ans","status":"publish","type":"post","link":"https:\/\/www.institut-prevention-sante-longevite.fr\/fr\/voici-8-facons-de-rajeunir-de-6-ans\/","title":{"rendered":"Voici 8 fa\u00e7ons de rajeunir de 6 ans"},"content":{"rendered":"\n<p><span style=\"font-weight: 600;\">Il existe une diff\u00e9rence entre <a href=\"https:\/\/www.institut-prevention-sante-longevite.fr\/fr\/prevention\/\" target=\"_blank\" rel=\"noreferrer noopener\">notre \u00e2ge chronologique et notre \u00e2ge physiologique<\/a>. Alors quelles sont les bonne habitudes \u00e0 adopter pour rajeunir, de six ans au moins ? Voici huit conseils de la American Heart Association. Pour en savoir plus, Doctissimo a interrog\u00e9 le <a href=\"https:\/\/fr.wikipedia.org\/wiki\/Christophe_de_Jaeger\" target=\"_blank\" rel=\"noreferrer noopener\">Docteur Christophe de Jaeger<\/a>, m\u00e9decin physiologique.<\/span><a href=\"https:\/\/www.doctissimo.fr\/equipe\/auteurs\/sihem-boultif\"><\/a><\/p>\n\n\n\n<p><strong><a href=\"https:\/\/www.doctissimo.fr\/equipe\/auteurs\/sihem-boultif\" target=\"_blank\" rel=\"noreferrer noopener\">Sihem Boultif<\/a> <\/strong>Journaliste sant\u00e9<\/p>\n\n\n\n<p>en collaboration avec <strong>Docteur <a href=\"https:\/\/fr.wikipedia.org\/wiki\/Christophe_de_Jaeger\" target=\"_blank\" rel=\"noreferrer noopener\">Christophe de Jaeger<\/a> (Expert Long\u00e9vit\u00e9 et g\u00e9riatrie)<\/strong><\/p>\n\n\n\n<figure class=\"wp-block-image size-large\"><a href=\"https:\/\/i0.wp.com\/www.institut-prevention-sante-longevite.fr\/wp-content\/uploads\/2023\/11\/13-11-2023-1-jpg.webp?ssl=1\"><img data-recalc-dims=\"1\" data-dominant-color=\"c2b8a7\" data-has-transparency=\"false\" style=\"--dominant-color: #c2b8a7;\" fetchpriority=\"high\" decoding=\"async\" width=\"800\" height=\"533\" sizes=\"(max-width: 800px) 100vw, 800px\" src=\"https:\/\/i0.wp.com\/www.institut-prevention-sante-longevite.fr\/wp-content\/uploads\/2023\/11\/13-11-2023-1-1024x682.webp?resize=800%2C533&#038;ssl=1\" alt=\"Les diff\u00e9rentes m\u00e9thodes pour rajeunir !\" class=\"wp-image-4724 not-transparent\" srcset=\"https:\/\/i0.wp.com\/www.institut-prevention-sante-longevite.fr\/wp-content\/uploads\/2023\/11\/13-11-2023-1-jpg.webp?resize=1024%2C682&amp;ssl=1 1024w, https:\/\/i0.wp.com\/www.institut-prevention-sante-longevite.fr\/wp-content\/uploads\/2023\/11\/13-11-2023-1-jpg.webp?resize=300%2C200&amp;ssl=1 300w, https:\/\/i0.wp.com\/www.institut-prevention-sante-longevite.fr\/wp-content\/uploads\/2023\/11\/13-11-2023-1-jpg.webp?resize=768%2C512&amp;ssl=1 768w, https:\/\/i0.wp.com\/www.institut-prevention-sante-longevite.fr\/wp-content\/uploads\/2023\/11\/13-11-2023-1-jpg.webp?w=1280&amp;ssl=1 1280w\" \/><\/a><\/figure>\n\n\n\n<p><\/p>\n\n\n\n<p><strong>Sommaire<\/strong><\/p>\n\n\n\n<ol class=\"wp-block-list\">\n<li><strong><em>Maintenir une bonne sant\u00e9 cardiovasculaire<\/em><\/strong><\/li>\n\n\n\n<li><strong><em>La r\u00e8gles des huit facteurs \u00e0 prendre en compte<\/em><\/strong><\/li>\n<\/ol>\n\n\n\n<p>D\u2019apr\u00e8s les experts de la American Heart Association, quelques r\u00e8gles hygi\u00e9no-di\u00e9t\u00e9tiques simples \u00e0 suivre, accompagn\u00e9es de la r\u00e9gulation de certains facteurs physiologiques, comme la glyc\u00e9mie ou la tension art\u00e9rielle peuvent nous faire rajeunir de six ans. Comment faire, en pratique ?<\/p>\n\n\n\n<h2 class=\"wp-block-heading\" id=\"maintenir-une-bonne-sante-cardiovasculaire\">Maintenir une bonne sant\u00e9 cardiovasculaire<\/h2>\n\n\n\n<p>Pour avancer ces propos, l\u2019AHA se base sur les conclusions d\u2019une \u00e9tude r\u00e9cente, qui a port\u00e9 sur une cohorte de plus de 6500 adultes am\u00e9ricains, \u00e2g\u00e9s de 47 ans en moyenne. Les chercheurs ont compar\u00e9 <a href=\"https:\/\/www.institut-prevention-sante-longevite.fr\/fr\/prevention\/\" target=\"_blank\" rel=\"noreferrer noopener\">leur \u00e2ge chronologique <\/a>(date de naissance) \u00e0 <a href=\"https:\/\/www.institut-prevention-sante-longevite.fr\/fr\/prevention\/\" target=\"_blank\" rel=\"noreferrer noopener\">leur \u00e2ge biologique<\/a> (celui de leur organisme). Pour mesurer l&rsquo;<a href=\"https:\/\/www.institut-prevention-sante-longevite.fr\/fr\/prevention\/\" target=\"_blank\" rel=\"noreferrer noopener\">\u00e2ge biologique <\/a>d&rsquo;une personne, les chercheurs ont v\u00e9rifi\u00e9 son m\u00e9tabolisme, le fonctionnement de ses organes et leur inflammation.<\/p>\n\n\n\n<p>R\u00e9sultats : pour les scientifiques, les volontaires ayant la meilleure sant\u00e9 cardio-vasculaire \u00e9taient plus jeunes de six ans en moyenne, sur le plan physiologique, que leur \u00e2ge r\u00e9el.<\/p>\n\n\n\n<p>Par exemple, l&rsquo;\u00e2ge r\u00e9el moyen des volontaires en bonne sant\u00e9 cardiaque \u00e9tait de 41 ans, mais leur \u00e2ge biologique moyen \u00e9tait de 36 ans. A contrario, l&rsquo;\u00e2ge r\u00e9el moyen des participants en mauvaise sant\u00e9 cardiovasculaire \u00e9tait de 53 ans et leur \u00e2ge biologique moyen \u00e9tait sup\u00e9rieur, estim\u00e9 \u00e0 57 ans.<\/p>\n\n\n\n<h2 class=\"wp-block-heading\" id=\"la-regles-des-huit-facteurs-a-prendre-en-compte\">La r\u00e8gles des huit facteurs \u00e0 prendre en compte<\/h2>\n\n\n\n<p>Les chercheurs ont ainsi d\u00e9termin\u00e9 quatre r\u00e8gles hygi\u00e9no-di\u00e9t\u00e9tiques et quatre marqueurs de sant\u00e9, pour rester en bonne sant\u00e9, qui ont \u00e9t\u00e9 repris par l\u2019American Heart Association.<\/p>\n\n\n\n<ul class=\"wp-block-list\">\n<li>Le fait de manger sainement ; ce qu\u2019approuve le <a href=\"https:\/\/fr.wikipedia.org\/wiki\/Christophe_de_Jaeger\" target=\"_blank\" rel=\"noreferrer noopener\">Docteur de Jaeger<\/a>, sp\u00e9cialiste du vieillissement et auteur du livre \u00ab\u00a0<a href=\"https:\/\/fliz.ly\/brv8o_w\" target=\"_blank\" rel=\"noreferrer noopener\">La m\u00e9decine de la long\u00e9vit\u00e9 : une r\u00e9volution<\/a>\u00a0\u00bb paru en octobre dernier aux \u00e9ditions Tr\u00e9daniel. \u00ab\u00a0<em>Il faut privil\u00e9gier les r\u00e9gimes m\u00e9diterran\u00e9en ou cr\u00e9tois et limiter les apports en calories aussi<\/em>\u00ab\u00a0, selon lui.<\/li>\n\n\n\n<li>Le fait d\u2019\u00eatre plus actif : pour le m\u00e9decin, toute activit\u00e9 physique, aussi minime soit elle \u00ab\u00a0est bonne \u00e0 prendre\u00a0\u00bb. Dans l\u2019id\u00e9al, il faudrait bouger au moins trois fois par semaine, pendant une demi-heure, a minima.<\/li>\n\n\n\n<li>Le fait d\u2019arr\u00eater de fumer. Le <a href=\"https:\/\/fr.wikipedia.org\/wiki\/Christophe_de_Jaeger\" target=\"_blank\" rel=\"noreferrer noopener\">Docteur de Jaeger<\/a> rappelle que le tabac est un toxique pour la sant\u00e9 cardiovasculaire.<\/li>\n\n\n\n<li>Le fait de bien dormir est essentiel pour le renouvellement cellulaire et la r\u00e9paration de notre organisme, qui se fait pendant le sommeil. <em>\u00ab\u00a0Le stress peut \u00eatre un \u00e9l\u00e9ment perturbateur, \u00e0 prendre en compte dans le sommeil, tout comme le tabac<\/em>\u00a0\u00bb ajoute le m\u00e9decin.<\/li>\n<\/ul>\n\n\n\n<p>Le <a href=\"https:\/\/fr.wikipedia.org\/wiki\/Christophe_de_Jaeger\" target=\"_blank\" rel=\"noreferrer noopener\">Docteur de Jaeger <\/a>confirme donc ces \u00e9l\u00e9ments, en y ajoutant toutefois un b\u00e9mol. \u00ab\u00a0C<em>ette \u00e9tude montre bien qu\u2019il existe un \u00e2ge biologique et un \u00e2ge chronologique. Ce dernier est li\u00e9 \u00e0 notre date de naissance, tandis que le premier concerne chacun de nos organes. On peut d\u00e9terminer l\u2019\u00e2ge physiologique de notre coeur, de nos poumons, de notre foie\u2026 Cela confirme que la pr\u00e9servation ou non de son capital sant\u00e9 passe par les premi\u00e8res r\u00e8gles \u00e9nonc\u00e9es\u00a0\u00bb<\/em> estime t-il.<\/p>\n\n\n\n<p>Les quatre autres facteurs auxquels pr\u00eater attention sont :<\/p>\n\n\n\n<ul class=\"wp-block-list\">\n<li>Le fait de maintenir un poids sant\u00e9 ;<\/li>\n\n\n\n<li>Le fait de contr\u00f4ler son cholest\u00e9rol ;<\/li>\n\n\n\n<li>Le fait de surveiller sa glyc\u00e9mie ;<\/li>\n\n\n\n<li>Le fait de g\u00e9rer sa tension art\u00e9rielle.<\/li>\n<\/ul>\n\n\n\n<p>Pour le <a href=\"https:\/\/fr.wikipedia.org\/wiki\/Christophe_de_Jaeger\" target=\"_blank\" rel=\"noreferrer noopener\">Docteur de Jaeger<\/a>, ces r\u00e8gles m\u00e9langent causes et cons\u00e9quences. Selon lui, maintenir un poids sant\u00e9 \u00ab\u00a0<em>d\u00e9coule de la mise en place des pr\u00e9c\u00e9dentes r\u00e8gles, \u00e0 savoir un r\u00e9gime \u00e0 faibles calories et une d\u00e9pense \u00e9nerg\u00e9tique suffisante \u00e0 travers une activit\u00e9 physique r\u00e9guli\u00e8re\u00a0\u00bb<\/em>. Pour les autres \u00e9galement. \u00ab\u00a0Le probl\u00e8me\u00a0\u00bb estime-t-il, <em>\u00ab\u00a0c\u2019est que lorsque les r\u00e8gles ne sont pas appliqu\u00e9es, les patients, devenus malades, trouvent plus facile le fait de prendre un traitement, m\u00eame \u00e0 vie, que de corriger leur comportement\u00a0\u00bb<\/em>.<\/p>\n\n\n\n<p>Sources<\/p>\n\n\n\n<ul class=\"wp-block-list\">\n<li>Entretien avec le <a href=\"https:\/\/fr.wikipedia.org\/wiki\/Christophe_de_Jaeger\">Docteur de Jaeger<\/a>, le 10 novembre 2023<\/li>\n\n\n\n<li>AHA<\/li>\n<\/ul>\n\n\n\n<p>Article \u00e0 lire sur le site <a href=\"https:\/\/www.doctissimo.fr\/bien-vieillir\/sante\/voici-8-facons-de-rajeunir-de-6-ans\/3e9d81_ar.html\" target=\"_blank\" rel=\"noreferrer noopener\">Doctissimo<\/a><\/p>\n\n\n\n<figure class=\"wp-block-image size-medium is-resized is-style-default\"><a href=\"https:\/\/i0.wp.com\/www.institut-prevention-sante-longevite.fr\/wp-content\/uploads\/2023\/10\/Livre-CDJ-2023-jpg.webp?ssl=1\"><img data-recalc-dims=\"1\" data-dominant-color=\"c7c9d4\" data-has-transparency=\"false\" style=\"--dominant-color: #c7c9d4;\" decoding=\"async\" sizes=\"(max-width: 800px) 100vw, 800px\" src=\"https:\/\/i0.wp.com\/www.institut-prevention-sante-longevite.fr\/wp-content\/uploads\/2023\/10\/Livre-CDJ-2023-225x300.webp?resize=195%2C259&#038;ssl=1\" alt=\"\" class=\"wp-image-4652 not-transparent\" width=\"195\" height=\"259\" srcset=\"https:\/\/i0.wp.com\/www.institut-prevention-sante-longevite.fr\/wp-content\/uploads\/2023\/10\/Livre-CDJ-2023-jpg.webp?resize=225%2C300&amp;ssl=1 225w, https:\/\/i0.wp.com\/www.institut-prevention-sante-longevite.fr\/wp-content\/uploads\/2023\/10\/Livre-CDJ-2023-jpg.webp?w=448&amp;ssl=1 448w\" \/><\/a><\/figure>\n\n\n\n<p>Le <a href=\"https:\/\/fr.wikipedia.org\/wiki\/Christophe_de_Jaeger\" target=\"_blank\" rel=\"noreferrer noopener\">Docteur Christophe de Jaeger<\/a> est m\u00e9decin et son travail est centr\u00e9 sur la physiologie de la s\u00e9nescence depuis plus de 30 ans.<\/p>\n\n\n\n<p>Il a d\u00e9velopp\u00e9 en particulier la notion d\u2019\u00e2ge physiologique (diff\u00e9rent de l\u2019\u00e2ge chronologique et<\/p>\n\n\n\n<p>de l\u2019\u00e2ge ressenti) et sa prise en charge afin d\u2019optimiser le capital sant\u00e9 de chacun et de lui conserver le plus longtemps possible ses capacit\u00e9s physiologiques. En d\u2019autres termes, rester en bonne sant\u00e9 le plus longtemps possible.<\/p>\n\n\n\n<p>De formation initiale g\u00e9rontologue, il a rapidement compl\u00e9t\u00e9 son cursus \u00e0 la facult\u00e9 des sciences en biologie de la s\u00e9nescence. Il enseigne \u00e0 la facult\u00e9 de m\u00e9decine de Paris et de Lille et \u00e9galement \u00e0 la facult\u00e9 des sciences dans le Master de biologie du vieillissement. Il a \u00e9crit ou co\u00e9crit de nombreux livres dont une dizaine grand public, ainsi que de nombreux articles scientifiques.<\/p>\n\n\n\n<p>Son dernier ouvrage grand public \u00a0\u00bb<a href=\"https:\/\/www.amazon.fr\/dp\/2813229954?tag=doctissimo01-azz-94-21\" target=\"_blank\" rel=\"noreferrer noopener\">M\u00e9decine de la Long\u00e9vit\u00e9 : Une r\u00e9volution !<\/a>\u00a0\u00bb est publi\u00e9 en octobre 2023 chez Guy Tr\u00e9daniel \u00e9diteur.<\/p>\n","protected":false},"excerpt":{"rendered":"<p>Il existe une diff\u00e9rence entre notre \u00e2ge chronologique et notre \u00e2ge physiologique. Alors quelles sont les bonne habitudes \u00e0 adopter pour rajeunir, de six ans au moins ? Voici huit conseils de la American Heart Association. Pour en savoir plus, Doctissimo a interrog\u00e9 le Docteur Christophe de Jaeger, m\u00e9decin physiologique. Sihem Boultif Journaliste sant\u00e9 en [&hellip;]<\/p>\n","protected":false},"author":5,"featured_media":4720,"comment_status":"closed","ping_status":"closed","sticky":false,"template":"","format":"standard","meta":{"_acf_changed":false,"_jetpack_memberships_contains_paid_content":false,"footnotes":""},"categories":[40],"tags":[],"class_list":["post-4719","post","type-post","status-publish","format-standard","has-post-thumbnail","hentry","category-actualites"],"acf":[],"jetpack_featured_media_url":"https:\/\/i0.wp.com\/www.institut-prevention-sante-longevite.fr\/wp-content\/uploads\/2023\/11\/13-11-2023-2-jpg.webp?fit=1280%2C853&ssl=1","jetpack_sharing_enabled":true,"_links":{"self":[{"href":"https:\/\/www.institut-prevention-sante-longevite.fr\/fr\/wp-json\/wp\/v2\/posts\/4719","targetHints":{"allow":["GET"]}}],"collection":[{"href":"https:\/\/www.institut-prevention-sante-longevite.fr\/fr\/wp-json\/wp\/v2\/posts"}],"about":[{"href":"https:\/\/www.institut-prevention-sante-longevite.fr\/fr\/wp-json\/wp\/v2\/types\/post"}],"author":[{"embeddable":true,"href":"https:\/\/www.institut-prevention-sante-longevite.fr\/fr\/wp-json\/wp\/v2\/users\/5"}],"replies":[{"embeddable":true,"href":"https:\/\/www.institut-prevention-sante-longevite.fr\/fr\/wp-json\/wp\/v2\/comments?post=4719"}],"version-history":[{"count":1,"href":"https:\/\/www.institut-prevention-sante-longevite.fr\/fr\/wp-json\/wp\/v2\/posts\/4719\/revisions"}],"predecessor-version":[{"id":4728,"href":"https:\/\/www.institut-prevention-sante-longevite.fr\/fr\/wp-json\/wp\/v2\/posts\/4719\/revisions\/4728"}],"wp:featuredmedia":[{"embeddable":true,"href":"https:\/\/www.institut-prevention-sante-longevite.fr\/fr\/wp-json\/wp\/v2\/media\/4720"}],"wp:attachment":[{"href":"https:\/\/www.institut-prevention-sante-longevite.fr\/fr\/wp-json\/wp\/v2\/media?parent=4719"}],"wp:term":[{"taxonomy":"category","embeddable":true,"href":"https:\/\/www.institut-prevention-sante-longevite.fr\/fr\/wp-json\/wp\/v2\/categories?post=4719"},{"taxonomy":"post_tag","embeddable":true,"href":"https:\/\/www.institut-prevention-sante-longevite.fr\/fr\/wp-json\/wp\/v2\/tags?post=4719"}],"curies":[{"name":"wp","href":"https:\/\/api.w.org\/{rel}","templated":true}]}}