{"id":4761,"date":"2023-12-01T10:47:22","date_gmt":"2023-12-01T09:47:22","guid":{"rendered":"https:\/\/www.institut-prevention-sante-longevite.fr\/?p=4761"},"modified":"2023-12-01T10:47:25","modified_gmt":"2023-12-01T09:47:25","slug":"on-sait-enfin-pourquoi-le-vin-donne-mal-a-la-tete-et-non-ce-nest-pas-une-histoire-de-quantite","status":"publish","type":"post","link":"https:\/\/www.institut-prevention-sante-longevite.fr\/fr\/on-sait-enfin-pourquoi-le-vin-donne-mal-a-la-tete-et-non-ce-nest-pas-une-histoire-de-quantite\/","title":{"rendered":"On sait enfin pourquoi le vin donne mal \u00e0 la t\u00eate&#8230; et non, ce n&rsquo;est pas une histoire de quantit\u00e9 !"},"content":{"rendered":"\n<p><strong><a href=\"https:\/\/www.doctissimo.fr\/equipe\/auteurs\/sihem-boultif\" target=\"_blank\" rel=\"noreferrer noopener\">Sihem Boultif<\/a> <\/strong>Journaliste sant\u00e9<\/p>\n\n\n\n<p>en collaboration avec <strong><a href=\"https:\/\/fr.wikipedia.org\/wiki\/Christophe_de_Jaeger\" target=\"_blank\" rel=\"noreferrer noopener\">Docteur Christophe de Jaeger<\/a> (Long\u00e9vit\u00e9 et g\u00e9riatrie)<\/strong><\/p>\n\n\n\n<p><strong>Ceux qui boivent r\u00e9guli\u00e8rement diff\u00e9rents types d\u2019alcool le savent : le vin rouge a la capacit\u00e9 de donner mal \u00e0 la t\u00eate, sans que l\u2019on sache r\u00e9ellement pourquoi. Des chercheurs am\u00e9ricains ont lev\u00e9 le myst\u00e8re et leur \u00e9tude pointe une mol\u00e9cule pr\u00e9sente dans la boisson. Le point de vue du <a href=\"https:\/\/fr.wikipedia.org\/wiki\/Christophe_de_Jaeger\" target=\"_blank\" rel=\"noreferrer noopener\">Docteur Christophe de Jaeger<\/a>, m\u00e9decin physiologiste et membre du comit\u00e9 d\u2019experts de Doctissimo.<\/strong><\/p>\n\n\n\n<figure class=\"wp-block-image size-full\"><a href=\"https:\/\/i0.wp.com\/www.institut-prevention-sante-longevite.fr\/wp-content\/uploads\/2023\/12\/pexels-photo-9195330-jpeg.webp?ssl=1\"><img data-recalc-dims=\"1\" data-dominant-color=\"746b5b\" data-has-transparency=\"false\" style=\"--dominant-color: #746b5b;\" fetchpriority=\"high\" decoding=\"async\" width=\"800\" height=\"660\" sizes=\"(max-width: 800px) 100vw, 800px\" src=\"https:\/\/i0.wp.com\/www.institut-prevention-sante-longevite.fr\/wp-content\/uploads\/2023\/12\/pexels-photo-9195330-jpeg.webp?resize=800%2C660&#038;ssl=1\" alt=\"Vin blanc suave ne bouteille avec un verre sur une surface en bois\" class=\"wp-image-4762 not-transparent\" srcset=\"https:\/\/i0.wp.com\/www.institut-prevention-sante-longevite.fr\/wp-content\/uploads\/2023\/12\/pexels-photo-9195330-jpeg.webp?w=1576&amp;ssl=1 1576w, https:\/\/i0.wp.com\/www.institut-prevention-sante-longevite.fr\/wp-content\/uploads\/2023\/12\/pexels-photo-9195330-jpeg.webp?resize=300%2C247&amp;ssl=1 300w, https:\/\/i0.wp.com\/www.institut-prevention-sante-longevite.fr\/wp-content\/uploads\/2023\/12\/pexels-photo-9195330-jpeg.webp?resize=1024%2C845&amp;ssl=1 1024w, https:\/\/i0.wp.com\/www.institut-prevention-sante-longevite.fr\/wp-content\/uploads\/2023\/12\/pexels-photo-9195330-jpeg.webp?resize=768%2C634&amp;ssl=1 768w, https:\/\/i0.wp.com\/www.institut-prevention-sante-longevite.fr\/wp-content\/uploads\/2023\/12\/pexels-photo-9195330-jpeg.webp?resize=1536%2C1267&amp;ssl=1 1536w\" \/><\/a><figcaption class=\"wp-element-caption\"><em>Photo by Brett Jordan on <a href=\"https:\/\/www.pexels.com\/photo\/selective-focus-of-inama-vin-soave-bottle-and-a-wine-glass-on-wooden-surface-9195330\/\" rel=\"nofollow\">Pexels.com<\/a><\/em><\/figcaption><\/figure>\n\n\n\n<p><strong>Sommaire<\/strong><\/p>\n\n\n\n<ol class=\"wp-block-list\">\n<li><strong><em>La querc\u00e9tine, une mol\u00e9cule pr\u00e9sente dans la peau et les p\u00e9pins de raisins<\/em><\/strong><\/li>\n\n\n\n<li><strong><em>Certains vins font plus mal \u00e0 la t\u00eate que d\u2019autres<\/em><\/strong><\/li>\n<\/ol>\n\n\n\n<p>Un verre de vin rouge peut donner mal \u00e0 la t\u00eate, rapidement apr\u00e8s avoir \u00e9t\u00e9 consomm\u00e9. Vous l\u2019avez s\u00fbrement remarqu\u00e9, sans savoir pourquoi. Des chercheurs de l\u2019Universit\u00e9 de Californie ont lev\u00e9 le myst\u00e8re, en \u00e9tudiant une douzaine de compos\u00e9s de la boisson. Et bien que soient r\u00e9guli\u00e8rement accus\u00e9s les tanins, les flavono\u00efdes ou les sulfites du vin, il semblerait que cela soit le responsable soit en r\u00e9alit\u00e9 une autre mol\u00e9cule.<\/p>\n\n\n\n<h2 class=\"wp-block-heading\" id=\"la-quercetine-une-molecule-presente-dans-la-peau-et-les-pepins-de-raisins\">La querc\u00e9tine, une mol\u00e9cule pr\u00e9sente dans la peau et les p\u00e9pins de raisins<\/h2>\n\n\n\n<p>Antioxydant naturel, la querc\u00e9tine est une substance pr\u00e9sente dans la peau et les grains de raisins. Retrouv\u00e9e presque exclusivement dans le vin rouge, elle est transform\u00e9 dans le corps en diverses substances. L&rsquo;une d&rsquo;elles, le glucuronide de querc\u00e9tine, est particuli\u00e8rement efficace pour bloquer l&rsquo;enzyme qui convertit l&rsquo;ac\u00e9tald\u00e9hyde en ac\u00e9tate. Et c\u2019est ce qui pourrait expliquer les maux de t\u00eate.<\/p>\n\n\n\n<p>En effet, en supprimant cette enzyme, l&rsquo;ac\u00e9tald\u00e9hyde s&rsquo;accumule dans la circulation sanguine. Et \u00e0 des niveaux \u00e9lev\u00e9s, il provoque des maux de t\u00eate, des naus\u00e9es, et des sueurs. <em>\u00ab\u00a0Nous pensons \u00eatre enfin sur la bonne voie pour expliquer ce myst\u00e8re vieux de mille ans\u00a0\u00bb<\/em> indique Morris Levin, directeur du \u00ab\u00a0Headache Center\u00a0\u00bb de l\u2019Universit\u00e9 de Californie, dans The Guardian.<\/p>\n\n\n\n<h2 class=\"wp-block-heading\" id=\"certains-vins-font-plus-mal-a-la-tete-que-d-autres\">Certains vins font plus mal \u00e0 la t\u00eate que d\u2019autres<\/h2>\n\n\n\n<p>La quantit\u00e9 de querc\u00e9tine jouerait donc un r\u00f4le dans l\u2019apparition de ces sympt\u00f4mes. Et il y en aurait davantage dans les vins issus de raisins gorg\u00e9s de soleil. Selon les chercheurs, certains vins rouges en contiendraient cinq fois plus que d\u2019autres.<\/p>\n\n\n\n<p>Ils notent \u00e9galement que ce ph\u00e9nom\u00e8ne ne touche pas tous les buveurs. \u00ab\u00a0<em>L\u2019\u00e9tape suivante consiste \u00e0 effectuer des tests scientifiques sur les personnes qui d\u00e9veloppent ces maux de t\u00eate\u00a0\u00bb<\/em> ajoute donc Morris Levin. \u00ab\u00a0<em>Il sera potentiellement tr\u00e8s utile pour les personnes qui boivent du vin rouge pour pouvoir choisir les vins moins susceptibles de provoquer des maux de t\u00eate. De plus, les vignerons peuvent utiliser nos r\u00e9sultats pour r\u00e9duire la querc\u00e9tine dans leurs vins\u00a0\u00bb<\/em>.<\/p>\n\n\n\n<p>Interrog\u00e9, le <a href=\"https:\/\/fr.wikipedia.org\/wiki\/Christophe_de_Jaeger\" target=\"_blank\" rel=\"noreferrer noopener\">Docteur Christophe de Jaeger, physiologiste<\/a>, estime que les r\u00e9sultats de cette \u00e9tude sont coh\u00e9rents. \u00ab\u00a0<em>Une fois que cette r\u00e9action enzymatique est d\u00e9couverte, la question est d\u00e9sormais de savoir s&rsquo;il faut la bloquer, afin de permettre une plus grande tol\u00e9rance \u00e0 l&rsquo;alcool et au vin rouge en particulier ?<\/em>\u00a0\u00bb se demande le sp\u00e9cialiste. <em>\u00ab\u00a0Cela pourrait rendre une consommation d&rsquo;alcool possible pour des personnes qui ne peuvent plus en boire, par exemple\u00a0\u00bb<\/em>.<\/p>\n\n\n\n<p>Avant de souligner que l&rsquo;\u00eatre humain est naturellement bien constitu\u00e9. \u00ab\u00a0<em>Pour le physiologiste que je suis, savoir qu\u2019il existe naturellement un m\u00e9canisme permettant de limiter sa consommation d\u2019alcool me r\u00e9jouit, car l\u2019alcool reste un toxique n\u00e9faste pour une long\u00e9vit\u00e9 en bonne sant\u00e9\u00a0\u00bb conclut-il.<\/em><\/p>\n\n\n\n<p><strong><em>Sources<\/em><\/strong><\/p>\n\n\n\n<ul class=\"wp-block-list\">\n<li>Entretien avec le <a href=\"https:\/\/fr.wikipedia.org\/wiki\/Christophe_de_Jaeger\" target=\"_blank\" rel=\"noreferrer noopener\">Docteur Christophe de Jaeger<\/a>, le 23 novembre 2023. Le Dr Christophe de Jaeger est m\u00e9decin physiologiste et l&rsquo;auteur du r\u00e9cent ouvrage \u00ab\u00a0<a href=\"https:\/\/fliz.ly\/YbwvQ_w\" target=\"_blank\" rel=\"noreferrer noopener\">M\u00e9decine de la long\u00e9vit\u00e9 : une r\u00e9volution !<\/a>\u00a0\u00bb paru aux \u00e9ditions Tr\u00e9daniel.<\/li>\n\n\n\n<li>Devi, A., Levin, M. &amp; Waterhouse, A.L. Inhibition of ALDH2 by quercetin glucuronide suggests a new hypothesis to explain red wine headaches. Sci Rep <strong>13<\/strong>, 19503 (2023). <a href=\"https:\/\/doi.org\/10.1038\/s41598-023-46203-y\" rel=\"noreferrer noopener\" target=\"_blank\">https:\/\/doi.org\/10.1038\/s41598-023-46203-y<\/a><\/li>\n<\/ul>\n\n\n\n<p>Article \u00e0 lire sur <a href=\"https:\/\/www.doctissimo.fr\/sante\/on-sait-enfin-pourquoi-le-vin-donne-mal-a-la-tete-et-non-ce-nest-pas-une-histoire-de-quantite\/b69857_ar.html\" target=\"_blank\" rel=\"noreferrer noopener\">Doctissimo<\/a><\/p>\n\n\n\n<figure class=\"wp-block-image size-medium is-resized is-style-default\"><a href=\"https:\/\/i0.wp.com\/www.institut-prevention-sante-longevite.fr\/wp-content\/uploads\/2023\/10\/Livre-CDJ-2023-jpg.webp?ssl=1\"><img data-recalc-dims=\"1\" data-dominant-color=\"c7c9d4\" data-has-transparency=\"false\" style=\"--dominant-color: #c7c9d4;\" decoding=\"async\" sizes=\"(max-width: 800px) 100vw, 800px\" src=\"https:\/\/i0.wp.com\/www.institut-prevention-sante-longevite.fr\/wp-content\/uploads\/2023\/10\/Livre-CDJ-2023-225x300.webp?resize=195%2C259&#038;ssl=1\" alt=\"\" class=\"wp-image-4652 not-transparent\" width=\"195\" height=\"259\" srcset=\"https:\/\/i0.wp.com\/www.institut-prevention-sante-longevite.fr\/wp-content\/uploads\/2023\/10\/Livre-CDJ-2023-jpg.webp?resize=225%2C300&amp;ssl=1 225w, https:\/\/i0.wp.com\/www.institut-prevention-sante-longevite.fr\/wp-content\/uploads\/2023\/10\/Livre-CDJ-2023-jpg.webp?w=448&amp;ssl=1 448w\" \/><\/a><\/figure>\n\n\n\n<p>Le <a href=\"https:\/\/fr.wikipedia.org\/wiki\/Christophe_de_Jaeger\" target=\"_blank\" rel=\"noreferrer noopener\">Docteur Christophe de Jaeger<\/a> est m\u00e9decin et son travail est centr\u00e9 sur la physiologie de la s\u00e9nescence depuis plus de 30 ans.<\/p>\n\n\n\n<p>Il a d\u00e9velopp\u00e9 en particulier la notion d\u2019\u00e2ge physiologique (diff\u00e9rent de l\u2019\u00e2ge chronologique et<\/p>\n\n\n\n<p>de l\u2019\u00e2ge ressenti) et sa prise en charge afin d\u2019optimiser le capital sant\u00e9 de chacun et de lui conserver le plus longtemps possible ses capacit\u00e9s physiologiques. En d\u2019autres termes, rester en bonne sant\u00e9 le plus longtemps possible.<\/p>\n\n\n\n<p>De formation initiale g\u00e9rontologue, il a rapidement compl\u00e9t\u00e9 son cursus \u00e0 la facult\u00e9 des sciences en biologie de la s\u00e9nescence. Il enseigne \u00e0 la facult\u00e9 de m\u00e9decine de Paris et de Lille et \u00e9galement \u00e0 la facult\u00e9 des sciences dans le Master de biologie du vieillissement. Il a \u00e9crit ou co\u00e9crit de nombreux livres dont une dizaine grand public, ainsi que de nombreux articles scientifiques.<\/p>\n\n\n\n<p>Son dernier ouvrage grand public \u00a0\u00bb<a href=\"https:\/\/www.amazon.fr\/dp\/2813229954?tag=doctissimo01-azz-94-21\" target=\"_blank\" rel=\"noreferrer noopener\">M\u00e9decine de la Long\u00e9vit\u00e9 : Une r\u00e9volution !<\/a>\u00a0\u00bb est publi\u00e9 en octobre 2023 chez Guy Tr\u00e9daniel \u00e9diteur.<\/p>\n","protected":false},"excerpt":{"rendered":"<p>Verre de vin entre amis !<\/p>\n","protected":false},"author":5,"featured_media":4766,"comment_status":"closed","ping_status":"closed","sticky":false,"template":"","format":"standard","meta":{"_acf_changed":false,"_jetpack_memberships_contains_paid_content":false,"footnotes":""},"categories":[40],"tags":[],"class_list":["post-4761","post","type-post","status-publish","format-standard","has-post-thumbnail","hentry","category-actualites"],"acf":[],"jetpack_featured_media_url":"https:\/\/i0.wp.com\/www.institut-prevention-sante-longevite.fr\/wp-content\/uploads\/2023\/12\/czNmcy1wcml2YXRlL3Jhd3BpeGVsX2ltYWdlcy93ZWJzaXRlX2NvbnRlbnQvbHIvc2s1OTI3LWltYWdlLWt3dng4OG8wLmpwZw-jpg.webp?fit=1300%2C868&ssl=1","jetpack_sharing_enabled":true,"_links":{"self":[{"href":"https:\/\/www.institut-prevention-sante-longevite.fr\/fr\/wp-json\/wp\/v2\/posts\/4761","targetHints":{"allow":["GET"]}}],"collection":[{"href":"https:\/\/www.institut-prevention-sante-longevite.fr\/fr\/wp-json\/wp\/v2\/posts"}],"about":[{"href":"https:\/\/www.institut-prevention-sante-longevite.fr\/fr\/wp-json\/wp\/v2\/types\/post"}],"author":[{"embeddable":true,"href":"https:\/\/www.institut-prevention-sante-longevite.fr\/fr\/wp-json\/wp\/v2\/users\/5"}],"replies":[{"embeddable":true,"href":"https:\/\/www.institut-prevention-sante-longevite.fr\/fr\/wp-json\/wp\/v2\/comments?post=4761"}],"version-history":[{"count":1,"href":"https:\/\/www.institut-prevention-sante-longevite.fr\/fr\/wp-json\/wp\/v2\/posts\/4761\/revisions"}],"predecessor-version":[{"id":4770,"href":"https:\/\/www.institut-prevention-sante-longevite.fr\/fr\/wp-json\/wp\/v2\/posts\/4761\/revisions\/4770"}],"wp:featuredmedia":[{"embeddable":true,"href":"https:\/\/www.institut-prevention-sante-longevite.fr\/fr\/wp-json\/wp\/v2\/media\/4766"}],"wp:attachment":[{"href":"https:\/\/www.institut-prevention-sante-longevite.fr\/fr\/wp-json\/wp\/v2\/media?parent=4761"}],"wp:term":[{"taxonomy":"category","embeddable":true,"href":"https:\/\/www.institut-prevention-sante-longevite.fr\/fr\/wp-json\/wp\/v2\/categories?post=4761"},{"taxonomy":"post_tag","embeddable":true,"href":"https:\/\/www.institut-prevention-sante-longevite.fr\/fr\/wp-json\/wp\/v2\/tags?post=4761"}],"curies":[{"name":"wp","href":"https:\/\/api.w.org\/{rel}","templated":true}]}}