{"id":4783,"date":"2023-12-21T09:27:53","date_gmt":"2023-12-21T08:27:53","guid":{"rendered":"https:\/\/www.institut-prevention-sante-longevite.fr\/?p=4783"},"modified":"2023-12-21T09:27:56","modified_gmt":"2023-12-21T08:27:56","slug":"cette-verite-poilue-sur-notre-sens-du-toucher","status":"publish","type":"post","link":"https:\/\/www.institut-prevention-sante-longevite.fr\/fr\/cette-verite-poilue-sur-notre-sens-du-toucher\/","title":{"rendered":"Cette v\u00e9rit\u00e9 poilue sur notre sens du toucher"},"content":{"rendered":"\n<p>Le toucher peut provoquer des r\u00e9actions tr\u00e8s diff\u00e9rentes en fonction des personnes \u00ab touch\u00e9es \u00bb et en fonction de la personne qui produit le contact.<\/p>\n\n\n\n<p><a href=\"https:\/\/atlantico.fr\/\" target=\"_blank\" rel=\"noreferrer noopener\">Atlantic<\/a> avec le Docteur <a href=\"https:\/\/fr.wikipedia.org\/wiki\/Christophe_de_Jaeger\" target=\"_blank\" rel=\"noreferrer noopener\">Christophe de Jaeger<\/a><\/p>\n\n\n\n<figure class=\"wp-block-image size-full\"><a href=\"https:\/\/i0.wp.com\/www.institut-prevention-sante-longevite.fr\/wp-content\/uploads\/2023\/12\/pexels-photo-10140621-jpeg.webp?ssl=1\"><img data-recalc-dims=\"1\" data-dominant-color=\"3c3d3c\" data-has-transparency=\"false\" style=\"--dominant-color: #3c3d3c;\" fetchpriority=\"high\" decoding=\"async\" width=\"800\" height=\"1200\" sizes=\"(max-width: 800px) 100vw, 800px\" src=\"https:\/\/i0.wp.com\/www.institut-prevention-sante-longevite.fr\/wp-content\/uploads\/2023\/12\/pexels-photo-10140621-jpeg.webp?resize=800%2C1200&#038;ssl=1\" alt=\"woman holding white stone\" class=\"wp-image-4788 not-transparent\" srcset=\"https:\/\/i0.wp.com\/www.institut-prevention-sante-longevite.fr\/wp-content\/uploads\/2023\/12\/pexels-photo-10140621-jpeg.webp?w=867&amp;ssl=1 867w, https:\/\/i0.wp.com\/www.institut-prevention-sante-longevite.fr\/wp-content\/uploads\/2023\/12\/pexels-photo-10140621-jpeg.webp?resize=200%2C300&amp;ssl=1 200w, https:\/\/i0.wp.com\/www.institut-prevention-sante-longevite.fr\/wp-content\/uploads\/2023\/12\/pexels-photo-10140621-jpeg.webp?resize=683%2C1024&amp;ssl=1 683w, https:\/\/i0.wp.com\/www.institut-prevention-sante-longevite.fr\/wp-content\/uploads\/2023\/12\/pexels-photo-10140621-jpeg.webp?resize=768%2C1152&amp;ssl=1 768w\" \/><\/a><figcaption class=\"wp-element-caption\">Photo by cottonbro studio on <a href=\"https:\/\/www.pexels.com\/photo\/woman-holding-white-stone-10140621\/\" rel=\"nofollow\">Pexels.com<\/a><\/figcaption><\/figure>\n\n\n\n<p><strong>Atlantico : <a href=\"https:\/\/www.nytimes.com\/2023\/11\/08\/science\/hair-follicle-neuron-touch.html?smid=nytcore-ios-share&amp;referringSource=articleShare\">Des chercheurs<\/a> ont montr\u00e9 que les cellules des follicules pileux lib\u00e8rent d&rsquo;importants messagers chimiques en r\u00e9ponse \u00e0 un l\u00e9ger contact avec la peau. Comment expliquer ce m\u00e9canisme ?<\/strong><\/p>\n\n\n\n<p><strong><a href=\"https:\/\/fr.wikipedia.org\/wiki\/Christophe_de_Jaeger\" target=\"_blank\" rel=\"noreferrer noopener\">Christophe de Jaeger <\/a>:<\/strong> Le travail de Claire Higgins, professeur de bioing\u00e9niering au Imperial College de Londres, \u00e9claire les m\u00e9canismes d\u2019action d\u2019un sens qui peut para\u00eetre secondaire pour certains : le toucher. Le toucher peut en effet provoquer des r\u00e9actions tr\u00e8s diff\u00e9rentes en fonction des personnes \u00ab touch\u00e9es \u00bb et en fonction de la personne qui produit le contact. Ces sensations vont de l\u2019excitation \u00e0 la r\u00e9pulsion. Ce sont d\u2019ailleurs des r\u00e9actions qui peuvent \u00eatre incontr\u00f4lables.<\/p>\n\n\n\n<p>A la base de cette r\u00e9action, on trouve le follicule pileux dont les cellules vont \u00eatre stimul\u00e9es par le mouvement des cheveux ou des poils provoqu\u00e9s par le contact. Cette stimulation va provoquer une s\u00e9cr\u00e9tion de deux hormones importantes : l\u2019histamine et la s\u00e9rotonine. On sait par ailleurs que la s\u00e9rotonine a une grande importance dans la r\u00e9gulation de l\u2019humeur.<\/p>\n\n\n\n<p><strong>Comment cela agit concr\u00e8tement sur notre corps et notre humeur ?<\/strong><\/p>\n\n\n\n<p><strong><a href=\"https:\/\/fr.wikipedia.org\/wiki\/Christophe_de_Jaeger\" target=\"_blank\" rel=\"noreferrer noopener\">Christophe de Jaeger<\/a><\/strong> : La s\u00e9rotonine en particulier est un neurotransmetteur important au niveau c\u00e9r\u00e9bral, car r\u00e9gulant l\u2019humeur. Il existe une classe de m\u00e9dicaments que l\u2019on appelle les inhibiteurs de la recapture de la s\u00e9rotonine (IRS) et qui sont des anti d\u00e9presseurs couramment prescrits en pratique quotidienne par les m\u00e9decins. La stimulation des follicules pileux en stimulant le relargage de s\u00e9rotonine dans le cerveau va favoriser une am\u00e9lioration de l\u2019humeur. \u00c0 condition, bien s\u00fbr, que la stimulation cutan\u00e9e soit interpr\u00e9t\u00e9e comme un acte chaleureux et non pas comme une agression.<\/p>\n\n\n\n<p><strong>A partir de ce constat, le niveau de pilosit\u00e9 a-t-il une influence ?<\/strong><\/p>\n\n\n\n<p><strong><a href=\"https:\/\/fr.wikipedia.org\/wiki\/Christophe_de_Jaeger\" target=\"_blank\" rel=\"noreferrer noopener\">Christophe de Jaeger<\/a><\/strong> : En fait, non. Ce n\u2019est pas notre degr\u00e9 de pilosit\u00e9 qui d\u00e9finit notre sensibilit\u00e9 \u00e0 l\u2019autre. Ceci pour deux raisons : d\u2019une part, peu de pilosit\u00e9 ne signifie pas absence de follicule pileux, mais simplement une atrophie des poils. Ils existent toujours, mais ils sont tr\u00e8s fins et presque invisibles. D\u2019autre part, il existe aussi au niveau de la peau des r\u00e9cepteurs sensitifs ind\u00e9pendants des follicules et qui peuvent \u00eatre stimul\u00e9s en dehors des follicules pileux. On peut donc ressentir toutes sortes de sensations agr\u00e9ables ou d\u00e9sagr\u00e9ables tout en \u00e9tant \u00e0 pilosit\u00e9 r\u00e9duite, voire inexistante en apparence.<\/p>\n\n\n\n<p>Article \u00e0 retrouver sur <a href=\"https:\/\/atlantico.fr\/article\/decryptage\/cette-verite-poilue-sur-notre-sens-du-toucher-christophe-de-jaeger\" target=\"_blank\" rel=\"noreferrer noopener\">Atlantico<\/a><\/p>\n\n\n\n<figure class=\"wp-block-image size-medium is-resized is-style-default\"><a href=\"https:\/\/i0.wp.com\/www.institut-prevention-sante-longevite.fr\/wp-content\/uploads\/2023\/10\/Livre-CDJ-2023-jpg.webp?ssl=1\"><img data-recalc-dims=\"1\" data-dominant-color=\"c7c9d4\" data-has-transparency=\"false\" style=\"--dominant-color: #c7c9d4;\" decoding=\"async\" sizes=\"(max-width: 800px) 100vw, 800px\" src=\"https:\/\/i0.wp.com\/www.institut-prevention-sante-longevite.fr\/wp-content\/uploads\/2023\/10\/Livre-CDJ-2023-225x300.webp?resize=195%2C259&#038;ssl=1\" alt=\"\" class=\"wp-image-4652 not-transparent\" width=\"195\" height=\"259\" srcset=\"https:\/\/i0.wp.com\/www.institut-prevention-sante-longevite.fr\/wp-content\/uploads\/2023\/10\/Livre-CDJ-2023-jpg.webp?resize=225%2C300&amp;ssl=1 225w, https:\/\/i0.wp.com\/www.institut-prevention-sante-longevite.fr\/wp-content\/uploads\/2023\/10\/Livre-CDJ-2023-jpg.webp?w=448&amp;ssl=1 448w\" \/><\/a><\/figure>\n\n\n\n<p>Le <a href=\"https:\/\/fr.wikipedia.org\/wiki\/Christophe_de_Jaeger\" target=\"_blank\" rel=\"noreferrer noopener\">Docteur Christophe de Jaeger<\/a> est m\u00e9decin et son travail est centr\u00e9 sur la physiologie de la s\u00e9nescence depuis plus de 30 ans.<\/p>\n\n\n\n<p>Il a d\u00e9velopp\u00e9 en particulier la notion d\u2019\u00e2ge physiologique (diff\u00e9rent de l\u2019\u00e2ge chronologique et<\/p>\n\n\n\n<p>de l\u2019\u00e2ge ressenti) et sa prise en charge afin d\u2019optimiser le capital sant\u00e9 de chacun et de lui conserver le plus longtemps possible ses capacit\u00e9s physiologiques. En d\u2019autres termes, rester en bonne sant\u00e9 le plus longtemps possible.<\/p>\n\n\n\n<p>De formation initiale g\u00e9rontologue, il a rapidement compl\u00e9t\u00e9 son cursus \u00e0 la facult\u00e9 des sciences en biologie de la s\u00e9nescence. Il enseigne \u00e0 la facult\u00e9 de m\u00e9decine de Paris et de Lille et \u00e9galement \u00e0 la facult\u00e9 des sciences dans le Master de biologie du vieillissement. Il a \u00e9crit ou co\u00e9crit de nombreux livres dont une dizaine grand public, ainsi que de nombreux articles scientifiques.<\/p>\n\n\n\n<p>Son dernier ouvrage grand public \u00a0\u00bb<a href=\"https:\/\/www.amazon.fr\/dp\/2813229954?tag=doctissimo01-azz-94-21\" target=\"_blank\" rel=\"noreferrer noopener\">M\u00e9decine de la Long\u00e9vit\u00e9 : Une r\u00e9volution !<\/a>\u00a0\u00bb est publi\u00e9 en octobre 2023 chez Guy Tr\u00e9daniel \u00e9diteur.<\/p>\n","protected":false},"excerpt":{"rendered":"<p>Le sens du toucher pour lire en braille<\/p>\n","protected":false},"author":5,"featured_media":4784,"comment_status":"closed","ping_status":"closed","sticky":false,"template":"","format":"standard","meta":{"_acf_changed":false,"_jetpack_memberships_contains_paid_content":false,"footnotes":""},"categories":[40],"tags":[],"class_list":["post-4783","post","type-post","status-publish","format-standard","has-post-thumbnail","hentry","category-actualites"],"acf":[],"jetpack_featured_media_url":"https:\/\/i0.wp.com\/www.institut-prevention-sante-longevite.fr\/wp-content\/uploads\/2023\/12\/pexels-photo-7188888-jpeg.webp?fit=1880%2C1009&ssl=1","jetpack_sharing_enabled":true,"_links":{"self":[{"href":"https:\/\/www.institut-prevention-sante-longevite.fr\/fr\/wp-json\/wp\/v2\/posts\/4783","targetHints":{"allow":["GET"]}}],"collection":[{"href":"https:\/\/www.institut-prevention-sante-longevite.fr\/fr\/wp-json\/wp\/v2\/posts"}],"about":[{"href":"https:\/\/www.institut-prevention-sante-longevite.fr\/fr\/wp-json\/wp\/v2\/types\/post"}],"author":[{"embeddable":true,"href":"https:\/\/www.institut-prevention-sante-longevite.fr\/fr\/wp-json\/wp\/v2\/users\/5"}],"replies":[{"embeddable":true,"href":"https:\/\/www.institut-prevention-sante-longevite.fr\/fr\/wp-json\/wp\/v2\/comments?post=4783"}],"version-history":[{"count":1,"href":"https:\/\/www.institut-prevention-sante-longevite.fr\/fr\/wp-json\/wp\/v2\/posts\/4783\/revisions"}],"predecessor-version":[{"id":4792,"href":"https:\/\/www.institut-prevention-sante-longevite.fr\/fr\/wp-json\/wp\/v2\/posts\/4783\/revisions\/4792"}],"wp:featuredmedia":[{"embeddable":true,"href":"https:\/\/www.institut-prevention-sante-longevite.fr\/fr\/wp-json\/wp\/v2\/media\/4784"}],"wp:attachment":[{"href":"https:\/\/www.institut-prevention-sante-longevite.fr\/fr\/wp-json\/wp\/v2\/media?parent=4783"}],"wp:term":[{"taxonomy":"category","embeddable":true,"href":"https:\/\/www.institut-prevention-sante-longevite.fr\/fr\/wp-json\/wp\/v2\/categories?post=4783"},{"taxonomy":"post_tag","embeddable":true,"href":"https:\/\/www.institut-prevention-sante-longevite.fr\/fr\/wp-json\/wp\/v2\/tags?post=4783"}],"curies":[{"name":"wp","href":"https:\/\/api.w.org\/{rel}","templated":true}]}}