{"id":4819,"date":"2024-01-10T09:13:20","date_gmt":"2024-01-10T08:13:20","guid":{"rendered":"https:\/\/www.institut-prevention-sante-longevite.fr\/?p=4819"},"modified":"2024-01-10T09:15:39","modified_gmt":"2024-01-10T08:15:39","slug":"affaire-delon-quels-sont-les-criteres-pour-une-curatelle","status":"publish","type":"post","link":"https:\/\/www.institut-prevention-sante-longevite.fr\/fr\/affaire-delon-quels-sont-les-criteres-pour-une-curatelle\/","title":{"rendered":"Affaire Delon : quels sont les crit\u00e8res pour une curatelle ?"},"content":{"rendered":"\n<p>Article \u00e0 lire sur <a href=\"https:\/\/www.doctissimo.fr\/famille\/affaire-delon-quels-sont-les-criteres-pour-une-curatelle\/a8788c_ar.html\" target=\"_blank\" rel=\"noreferrer noopener\">Doctissimo<\/a><a href=\"https:\/\/www.doctissimo.fr\/equipe\/auteurs\/sihem-boultif\"><\/a><\/p>\n\n\n\n<p><strong><a href=\"https:\/\/www.doctissimo.fr\/equipe\/auteurs\/sihem-boultif\" target=\"_blank\" rel=\"noreferrer noopener\">Sihem Boultif<\/a> <\/strong>Journaliste sant\u00e9<\/p>\n\n\n\n<p>en collaboration avec <strong><a href=\"https:\/\/fr.wikipedia.org\/wiki\/Christophe_de_Jaeger\" target=\"_blank\" rel=\"noreferrer noopener\">Docteur Christophe de Jaeger<\/a> (Long\u00e9vit\u00e9 et g\u00e9riatrie)<\/strong><\/p>\n\n\n\n<p><strong>C\u2019est un conflit qui d\u00e9chire le clan Delon : l\u2019\u00e9tat de sant\u00e9 d\u2019Alain, le p\u00e8re d\u2019Anthony, Anouchka et Alain-Fabien serait d\u00e9clinant et ses facult\u00e9s mentales alt\u00e9r\u00e9es. Au point qu\u2019une mise sous protection judiciaire de l\u2019ancien acteur soit envisag\u00e9e. Qu\u2019est-ce que cela signifie ? Les explications du Dr Christophe de Jaeger, membre du comit\u00e9 d\u2019experts de Doctissimo.<\/strong><\/p>\n\n\n\n<p><strong>Sommaire<\/strong><\/p>\n\n\n\n<ol class=\"wp-block-list\">\n<li><strong>En quoi consiste ce type de proc\u00e9dure ?<\/strong><\/li>\n\n\n\n<li><strong>Une d\u00e9cision prise en fonction de ces tests (mais pas seulement)<\/strong><\/li>\n\n\n\n<li><strong>Quels sont les trois types de protection existants ?<\/strong><\/li>\n<\/ol>\n\n\n\n<p><\/p>\n\n\n\n<p>Alain Delon a-t-il besoin d\u2019\u00eatre plac\u00e9 sous protection judiciaire, en raison d\u2019une d\u00e9faillance de ses facult\u00e9s mentales ? C\u2019est ce que semble dire son fils a\u00een\u00e9 Anthony, qui a r\u00e9cemment diffus\u00e9 via son compte Instagram un e-mail du procureur de Montargis, adress\u00e9 \u00e0 son avocat. On peut y lire qu\u2019Alain Delon aurait subi une \u00ab\u00a0expertise m\u00e9dicale\u00a0\u00bb qui, selon ses conclusions, avancerait que l\u2019ancien acteur pr\u00e9sente \u00ab\u00a0un discernement totalement aboli\u00a0\u00bb. D\u2019o\u00f9 le fait que soit envisag\u00e9 \u00ab\u00a0l\u2019ouverture d\u2019une proc\u00e9dure de mise sous protection judiciaire\u00a0\u00bb.<\/p>\n\n\n\n<h2 class=\"wp-block-heading\" id=\"en-quoi-consiste-ce-type-de-procedure\">En quoi consiste ce type de proc\u00e9dure ?<\/h2>\n\n\n\n<p>Interrog\u00e9, le <a href=\"https:\/\/fr.wikipedia.org\/wiki\/Christophe_de_Jaeger\" target=\"_blank\" rel=\"noreferrer noopener\">Docteur Christophe de Jaeger<\/a>, m\u00e9decin physiologiste et membre du comit\u00e9 d\u2019experts de Doctissimo, conna\u00eet particuli\u00e8rement bien le sujet puisqu\u2019il a \u00e9t\u00e9 pendant de longues ann\u00e9es m\u00e9decin-expert nomm\u00e9 par des juges des contentieux de la protection, anciennement appel\u00e9s juges de tutelle. \u00ab\u00a0<em>Ce type de mesures de protection est mise en place pour prot\u00e9ger des adultes ayant des difficult\u00e9s de discernement, qui pourraient \u00eatre abus\u00e9s par des proches ou d\u2019autres personnes\u00a0\u00bb<\/em> d\u00e9finit tout d\u2019abord le m\u00e9decin. \u00ab\u00a0<em>Des tests sont alors r\u00e9alis\u00e9s par un m\u00e9decin afin d\u2019\u00e9tablir le discernement et juger des <a href=\"https:\/\/www.doctissimo.fr\/sante\/dictionnaire-medical\/alteration-des-fonctions-cognitives\" target=\"_blank\" rel=\"noreferrer noopener\">fonctions cognitives<\/a> de la personne en question\u00a0\u00bb<\/em>. Les tests r\u00e9alis\u00e9s sont simples : il s\u2019agit de s\u2019int\u00e9resser \u00e0 l\u2019orientation spatiale ou temporelle du sujet, \u00e0 ses diff\u00e9rents types de m\u00e9moire\u2026<\/p>\n\n\n\n<h2 class=\"wp-block-heading\" id=\"une-decision-prise-en-fonction-de-ces-tests-mais-pas-seulement\">Une d\u00e9cision prise en fonction de ces tests (mais pas seulement)<\/h2>\n\n\n\n<p>Les r\u00e9sultats permettent au m\u00e9decin de rendre un rapport au juge qui l\u2019aura saisi. Dans ce document, le m\u00e9decin d\u00e9taille les r\u00e9sultats du sujet et conclut au besoin ou non d\u2019une mise sous protection judiciaire. <em>\u00ab\u00a0Si la personne a de bons r\u00e9sultats aux tests, il n\u2019y a pas lieu de la prot\u00e9ger, dans le cas contraire, une protection pourra \u00eatre conseill\u00e9e\u00a0\u00bb<\/em> ajoute le m\u00e9decin. \u00ab\u00a0<em>Dans tous les cas de figure, la d\u00e9cision finale revient au juge des tutelles\u00a0\u00bb<\/em>.<\/p>\n\n\n\n<p>Dans certains cas, la personne va bien sur le plan cognitif mais n\u00e9cessitera tout de m\u00eame une mesure de protection. \u00ab\u00a0<em>C\u2019est le cas pour des personnes affaiblies par une pathologie comme une <a href=\"https:\/\/www.doctissimo.fr\/psychologie\/problemes-psy\/depression\/depression-symptomes-causes-et-traitements\/0efe3c_ar.html\" target=\"_blank\" rel=\"noreferrer noopener\">d\u00e9pression<\/a>, par exemple ou tout autre maladie. Elles sont alors sous influence et ont du mal \u00e0 dire non aux personnes qui les entourent, en cas de sollicitations r\u00e9p\u00e9t\u00e9es\u00a0\u00bb<\/em>.<\/p>\n\n\n\n<h2 class=\"wp-block-heading\" id=\"quels-sont-les-trois-types-de-protection-existants\">Quels sont les trois types de protection existants ?<\/h2>\n\n\n\n<p>La demande de protection est g\u00e9n\u00e9ralement \u00e0 l\u2019initiative de proches de la personne concern\u00e9e, voire parfois d\u2019un intervenant ext\u00e9rieur comme une assistante sociale, par exemple, quand une pathologie, un accident, un handicap ou le <a href=\"https:\/\/www.institut-prevention-sante-longevite.fr\/fr\/longevite\/\" target=\"_blank\" rel=\"noreferrer noopener\">vieillissement<\/a> rendent la personne incapable de d\u00e9fendre ses propres int\u00e9r\u00eats. Comme le stipule l&rsquo;article 415 du Code civil, \u00ab\u00a0<em>les personnes majeures re\u00e7oivent la protection de leur personne et de leurs biens que leur \u00e9tat ou leur situation rend n\u00e9cessaire\u00a0\u00bb.<\/em><\/p>\n\n\n\n<p>La demande se r\u00e9alise aupr\u00e8s du Tribunal d\u2019instance du lieu de domicile du sujet concern\u00e9. La personne peut alors \u00eatre plac\u00e9e sous trois types de protection, selon son \u00e9tat. Il y a la tutelle, la curatelle ou la sauvegarde de justice.<\/p>\n\n\n\n<ul class=\"wp-block-list\">\n<li><strong>La tutelle est la forme la plus contraignante<\/strong>, car elle signe une perte d\u2019autonomie. \u00ab\u00a0<em>Toutes les personnes sous tutelle d\u00e9pendent de leur tuteur, qui peuvent \u00eatre un ou plusieurs, choisis parmi les proches en priorit\u00e9, lorsque la famille ne se d\u00e9chire pas\u00a0\u00bb<\/em> indique encore le <a href=\"https:\/\/fr.wikipedia.org\/wiki\/Christophe_de_Jaeger\" target=\"_blank\" rel=\"noreferrer noopener\">Docteur Christophe de Jaeger<\/a>. \u00ab\u00a0<em>Dans le cas o\u00f9 des conflits d\u00e9chirent la famille, un mandataire sera d\u00e9sign\u00e9 comme tuteur\u00a0\u00bb<\/em>. La mise sous tutelle peut durer entre cinq et vingt-cinq ans au maximum et le \u00ab\u00a0<em>tuteur d\u00e9sign\u00e9 devra rendre des comptes au juge sur les d\u00e9penses engag\u00e9es de mani\u00e8re annuelle ou de mani\u00e8re plus rapproch\u00e9e, selon ce que le juge d\u00e9cide<\/em>\u00a0\u00bb pr\u00e9cise encore le m\u00e9decin ;<\/li>\n\n\n\n<li><strong>La curatelle<\/strong> est une forme moins contraignante de protection. \u00ab\u00a0<em>Elle signifie que la personne devra avoir recours au conseil du curateur, avant de prendre des d\u00e9cisions importantes\u00a0\u00bb<\/em> explique le m\u00e9decin. Il existe plusieurs degr\u00e9s de curatelle : simple, renforc\u00e9e ou am\u00e9nag\u00e9e. Ces diff\u00e9rents degr\u00e9s limitent plus ou moins les actes que la personne \u00e0 prot\u00e9ger peut ex\u00e9cuter ;<\/li>\n\n\n\n<li>Enfin, <strong>la sauvegarde de justice est une sorte de mesure d\u2019urgence<\/strong>. Elle peut \u00eatre d\u00e9cid\u00e9e rapidement par un juge, en attendant qu\u2019une tutelle ou une curatelle soit mise en place. Il existe la sauvegarde m\u00e9dicale, engag\u00e9e apr\u00e8s la d\u00e9claration d\u2019un m\u00e9decin au parquet et la sauvegarde judiciaire, qui elle est demand\u00e9e par un tiers (proche ou parent) ou par le procureur. Elle permet de limiter la possibilit\u00e9 \u00e0 la personne de r\u00e9aliser certains actes, r\u00e9serv\u00e9s au seul mandataire. La dur\u00e9e d\u2019une sauvegarde est d\u2019un an maximum, que l\u2019on peut renouveler une fois.<\/li>\n<\/ul>\n\n\n\n<p><\/p>\n\n\n\n<p>Sources<\/p>\n\n\n\n<ul class=\"wp-block-list\">\n<li>Entretien avec le <a href=\"https:\/\/fr.wikipedia.org\/wiki\/Christophe_de_Jaeger\" target=\"_blank\" rel=\"noreferrer noopener\">Docteur Christophe de Jaeger<\/a><\/li>\n\n\n\n<li><a href=\"https:\/\/www.service-public.fr\/particuliers\/vosdroits\/N155\" rel=\"noreferrer noopener\" target=\"_blank\">Protection juridique (tutelle, curatelle&#8230;)<\/a> &#8211; Site du Service public<\/li>\n\n\n\n<li><a href=\"https:\/\/solidarites.gouv.fr\/la-protection-juridique-des-majeurs\" target=\"_blank\" rel=\"noreferrer noopener\">La protection juridique des majeurs<\/a> &#8211; Minist\u00e8re des solidarit\u00e9s et des familles &#8211; d\u00e9cembre 2022<\/li>\n<\/ul>\n\n\n\n<p><\/p>\n\n\n\n<figure class=\"wp-block-image size-medium is-resized is-style-default\"><a href=\"https:\/\/i0.wp.com\/www.institut-prevention-sante-longevite.fr\/wp-content\/uploads\/2023\/10\/Livre-CDJ-2023-jpg.webp?ssl=1\"><img data-recalc-dims=\"1\" data-dominant-color=\"c7c9d4\" data-has-transparency=\"false\" style=\"--dominant-color: #c7c9d4;\" fetchpriority=\"high\" decoding=\"async\" sizes=\"(max-width: 800px) 100vw, 800px\" src=\"https:\/\/i0.wp.com\/www.institut-prevention-sante-longevite.fr\/wp-content\/uploads\/2023\/10\/Livre-CDJ-2023-225x300.webp?resize=195%2C259&#038;ssl=1\" alt=\"\" class=\"wp-image-4652 not-transparent\" width=\"195\" height=\"259\" srcset=\"https:\/\/i0.wp.com\/www.institut-prevention-sante-longevite.fr\/wp-content\/uploads\/2023\/10\/Livre-CDJ-2023-jpg.webp?resize=225%2C300&amp;ssl=1 225w, https:\/\/i0.wp.com\/www.institut-prevention-sante-longevite.fr\/wp-content\/uploads\/2023\/10\/Livre-CDJ-2023-jpg.webp?w=448&amp;ssl=1 448w\" \/><\/a><\/figure>\n\n\n\n<p>Le <a href=\"https:\/\/fr.wikipedia.org\/wiki\/Christophe_de_Jaeger\" target=\"_blank\" rel=\"noreferrer noopener\">Docteur Christophe de Jaeger<\/a> est m\u00e9decin et son travail est centr\u00e9 sur la physiologie de la s\u00e9nescence depuis plus de 30 ans.<\/p>\n\n\n\n<p>Il a d\u00e9velopp\u00e9 en particulier la notion d\u2019\u00e2ge physiologique (diff\u00e9rent de l\u2019\u00e2ge chronologique et<\/p>\n\n\n\n<p>de l\u2019\u00e2ge ressenti) et sa prise en charge afin d\u2019optimiser le capital sant\u00e9 de chacun et de lui conserver le plus longtemps possible ses capacit\u00e9s physiologiques. En d\u2019autres termes, rester en bonne sant\u00e9 le plus longtemps possible.<\/p>\n\n\n\n<p>De formation initiale g\u00e9rontologue, il a rapidement compl\u00e9t\u00e9 son cursus \u00e0 la facult\u00e9 des sciences en biologie de la s\u00e9nescence. Il enseigne \u00e0 la facult\u00e9 de m\u00e9decine de Paris et de Lille et \u00e9galement \u00e0 la facult\u00e9 des sciences dans le Master de biologie du vieillissement. Il a \u00e9crit ou co\u00e9crit de nombreux livres dont une dizaine grand public, ainsi que de nombreux articles scientifiques.<\/p>\n\n\n\n<p>Son dernier ouvrage grand public \u00a0\u00bb<a href=\"https:\/\/www.amazon.fr\/dp\/2813229954?tag=doctissimo01-azz-94-21\" target=\"_blank\" rel=\"noreferrer noopener\">M\u00e9decine de la Long\u00e9vit\u00e9 : Une r\u00e9volution !<\/a>\u00a0\u00bb est publi\u00e9 en octobre 2023 chez Guy Tr\u00e9daniel \u00e9diteur.<\/p>\n","protected":false},"excerpt":{"rendered":"<p>Alain Delon, star de cin\u00e9ma<\/p>\n","protected":false},"author":5,"featured_media":4820,"comment_status":"closed","ping_status":"closed","sticky":false,"template":"","format":"standard","meta":{"_acf_changed":false,"_jetpack_memberships_contains_paid_content":false,"footnotes":""},"categories":[40],"tags":[],"class_list":["post-4819","post","type-post","status-publish","format-standard","has-post-thumbnail","hentry","category-actualites"],"acf":[],"jetpack_featured_media_url":"https:\/\/i0.wp.com\/www.institut-prevention-sante-longevite.fr\/wp-content\/uploads\/2024\/01\/pexels-photo-3069306-jpeg.webp?fit=1880%2C1253&ssl=1","jetpack_sharing_enabled":true,"_links":{"self":[{"href":"https:\/\/www.institut-prevention-sante-longevite.fr\/fr\/wp-json\/wp\/v2\/posts\/4819","targetHints":{"allow":["GET"]}}],"collection":[{"href":"https:\/\/www.institut-prevention-sante-longevite.fr\/fr\/wp-json\/wp\/v2\/posts"}],"about":[{"href":"https:\/\/www.institut-prevention-sante-longevite.fr\/fr\/wp-json\/wp\/v2\/types\/post"}],"author":[{"embeddable":true,"href":"https:\/\/www.institut-prevention-sante-longevite.fr\/fr\/wp-json\/wp\/v2\/users\/5"}],"replies":[{"embeddable":true,"href":"https:\/\/www.institut-prevention-sante-longevite.fr\/fr\/wp-json\/wp\/v2\/comments?post=4819"}],"version-history":[{"count":4,"href":"https:\/\/www.institut-prevention-sante-longevite.fr\/fr\/wp-json\/wp\/v2\/posts\/4819\/revisions"}],"predecessor-version":[{"id":4827,"href":"https:\/\/www.institut-prevention-sante-longevite.fr\/fr\/wp-json\/wp\/v2\/posts\/4819\/revisions\/4827"}],"wp:featuredmedia":[{"embeddable":true,"href":"https:\/\/www.institut-prevention-sante-longevite.fr\/fr\/wp-json\/wp\/v2\/media\/4820"}],"wp:attachment":[{"href":"https:\/\/www.institut-prevention-sante-longevite.fr\/fr\/wp-json\/wp\/v2\/media?parent=4819"}],"wp:term":[{"taxonomy":"category","embeddable":true,"href":"https:\/\/www.institut-prevention-sante-longevite.fr\/fr\/wp-json\/wp\/v2\/categories?post=4819"},{"taxonomy":"post_tag","embeddable":true,"href":"https:\/\/www.institut-prevention-sante-longevite.fr\/fr\/wp-json\/wp\/v2\/tags?post=4819"}],"curies":[{"name":"wp","href":"https:\/\/api.w.org\/{rel}","templated":true}]}}