{"id":4872,"date":"2024-04-22T08:25:15","date_gmt":"2024-04-22T07:25:15","guid":{"rendered":"https:\/\/www.institut-prevention-sante-longevite.fr\/?p=4872"},"modified":"2024-04-22T08:25:17","modified_gmt":"2024-04-22T07:25:17","slug":"lenjeu-nest-pas-de-vivre-le-plus-vieux-possible-mais-de-rester-dans-le-meilleur-etat-le-plus-longtemps-possible","status":"publish","type":"post","link":"https:\/\/www.institut-prevention-sante-longevite.fr\/fr\/lenjeu-nest-pas-de-vivre-le-plus-vieux-possible-mais-de-rester-dans-le-meilleur-etat-le-plus-longtemps-possible\/","title":{"rendered":"\u00abL\u2019enjeu n\u2019est pas de vivre le plus vieux possible, mais de rester dans le meilleur \u00e9tat le plus longtemps possible\u00bb"},"content":{"rendered":"\n<ul class=\"wp-block-list\">\n<li>Par <a href=\"https:\/\/www.pourquoidocteur.fr\/Auteurs\/139-Stanislas-Deve\" target=\"_blank\" rel=\"noreferrer noopener\">Stanislas Deve<\/a><\/li>\n<\/ul>\n\n\n\n<p><strong>Avanc\u00e9es m\u00e9dicales, mode de vie, \u00ab\u00a0<a href=\"https:\/\/www.institut-prevention-sante-longevite.fr\/fr\/sante\/\" target=\"_blank\" rel=\"noreferrer noopener\">capital sant\u00e9<\/a>\u00ab\u00a0&#8230; Dans son dernier ouvrage, le m\u00e9decin et sp\u00e9cialiste du vieillissement <a href=\"https:\/\/fr.wikipedia.org\/wiki\/Christophe_de_Jaeger\" target=\"_blank\" rel=\"noreferrer noopener\">Christophe de Jaeger<\/a> explore les nouvelles sciences de la long\u00e9vit\u00e9 qui pourraient bien, un jour, nous faire vivre sans probl\u00e8me jusqu\u2019\u00e0 150 ans.<\/strong><\/p>\n\n\n\n<p>Publi\u00e9 le 21.04.2024 \u00e0 08h00<\/p>\n\n\n\n<figure class=\"wp-block-image size-full\"><a href=\"https:\/\/i0.wp.com\/www.institut-prevention-sante-longevite.fr\/wp-content\/uploads\/2024\/04\/pexels-photo-806427-jpeg.webp?ssl=1\"><img data-recalc-dims=\"1\" data-dominant-color=\"e6ce1d\" data-has-transparency=\"false\" style=\"--dominant-color: #e6ce1d;\" fetchpriority=\"high\" decoding=\"async\" width=\"800\" height=\"532\" sizes=\"(max-width: 800px) 100vw, 800px\" src=\"https:\/\/i0.wp.com\/www.institut-prevention-sante-longevite.fr\/wp-content\/uploads\/2024\/04\/pexels-photo-806427-jpeg.webp?resize=800%2C532&#038;ssl=1\" alt=\"white and blue health pill and tablet letter cutout on yellow surface\" class=\"wp-image-4877 not-transparent\" srcset=\"https:\/\/i0.wp.com\/www.institut-prevention-sante-longevite.fr\/wp-content\/uploads\/2024\/04\/pexels-photo-806427-jpeg.webp?w=1880&amp;ssl=1 1880w, https:\/\/i0.wp.com\/www.institut-prevention-sante-longevite.fr\/wp-content\/uploads\/2024\/04\/pexels-photo-806427-jpeg.webp?resize=300%2C199&amp;ssl=1 300w, https:\/\/i0.wp.com\/www.institut-prevention-sante-longevite.fr\/wp-content\/uploads\/2024\/04\/pexels-photo-806427-jpeg.webp?resize=1024%2C681&amp;ssl=1 1024w, https:\/\/i0.wp.com\/www.institut-prevention-sante-longevite.fr\/wp-content\/uploads\/2024\/04\/pexels-photo-806427-jpeg.webp?resize=768%2C511&amp;ssl=1 768w, https:\/\/i0.wp.com\/www.institut-prevention-sante-longevite.fr\/wp-content\/uploads\/2024\/04\/pexels-photo-806427-jpeg.webp?resize=1536%2C1021&amp;ssl=1 1536w, https:\/\/i0.wp.com\/www.institut-prevention-sante-longevite.fr\/wp-content\/uploads\/2024\/04\/pexels-photo-806427-jpeg.webp?w=1600&amp;ssl=1 1600w\" \/><\/a><figcaption class=\"wp-element-caption\">Photo by Miguel \u00c1. Padri\u00f1\u00e1n on <a href=\"https:\/\/www.pexels.com\/photo\/white-and-blue-health-pill-and-tablet-letter-cutout-on-yellow-surface-806427\/\" rel=\"nofollow\">Pexels.com<\/a><\/figcaption><\/figure>\n\n\n\n<p><em>Est-ce la fin de l&rsquo;obsolescence programm\u00e9e de l&rsquo;\u00eatre humain ?\u00a0\u00bb<\/em>, interroge Christophe de Jaeger dans son dernier livre intitul\u00e9 <a href=\"https:\/\/www.editions-tredaniel.com\/medecine-de-la-longevite-une-revolution-p-11143.html\" target=\"_blank\" rel=\"noreferrer noopener\">M\u00e9decine de la long\u00e9vit\u00e9 : une r\u00e9volution !<\/a>, paru fin 2023 aux \u00e9ditions Guy Tr\u00e9daniel. Le m\u00e9decin, expert du vieillissement ou plut\u00f4t de la s\u00e9nescence, r\u00e9pond r\u00e9solument par l\u2019affirmative.<\/p>\n\n\n\n<p><strong>Pourquoi Docteur : L\u2019humain a toujours voulu repousser les fronti\u00e8res de son esp\u00e9rance de vie. En quoi a-t-il d\u00e9sormais les moyens de le faire ?<\/strong><\/p>\n\n\n\n<p><strong><a href=\"https:\/\/fr.wikipedia.org\/wiki\/Christophe_de_Jaeger\" target=\"_blank\" rel=\"noreferrer noopener\">Christophe de Jaeger<\/a><\/strong> : Nous avons aujourd\u2019hui atteint un degr\u00e9 de progr\u00e8s technique et de connaissances m\u00e9dicales et scientifiques qui nous permet d\u2019identifier plus pr\u00e9cis\u00e9ment les m\u00e9canismes impliqu\u00e9s dans la s\u00e9nescence. Le terme de vieillissement ne veut pas dire grand-chose, c\u2019est seulement un marqueur du temps qui passe : un enfant de 15 ans est \u00ab\u00a0vieux\u00a0\u00bb par rapport \u00e0 un de 6 ans. De la conception \u00e0 la fin de la pubert\u00e9, le vieillissement est positif : en biologie, on appelle cela le d\u00e9veloppement. C\u2019est \u00e0 partir de la fin de l\u2019adolescence qu\u2019on entre dans la phase de \u00ab\u00a0s\u00e9nescence\u00a0\u00bb : celle-ci se caract\u00e9rise par une diminution progressive de nos capacit\u00e9s fonctionnelles, une d\u00e9gradation de tous nos syst\u00e8mes (cardiaque, immunitaire, c\u00e9r\u00e9bral&#8230;) qui va fragiliser notre organisme et nous conduire aux pathologies. La vraie r\u00e9volution, aujourd\u2019hui, est que l\u2019on est capable de mieux mesurer ces diff\u00e9rents m\u00e9canismes et d\u2019interf\u00e9rer avec eux. C\u2019est l\u00e0 qu\u2019\u00e9merge la notion de m\u00e9decine de la long\u00e9vit\u00e9 : ce n\u2019est pas simplement une m\u00e9decine de la sant\u00e9, mais une m\u00e9decine de la sant\u00e9 conjugu\u00e9e \u00e0 travers la long\u00e9vit\u00e9. La majorit\u00e9 des gens consid\u00e8rent la long\u00e9vit\u00e9 comme quelque chose de p\u00e9joratif, en \u00e9voquant souvent Jeanne Calment, doyenne de l\u2019humanit\u00e9, en tr\u00e8s triste \u00e9tat \u00e0 la fin de sa vie \u00e0 122 ans. Or l\u2019enjeu n\u2019est pas de vivre le plus vieux possible, mais de rester dans le meilleur \u00e9tat possible, le plus longtemps possible. Sauf que cela n\u00e9cessite des interventions : il faut utiliser toutes les ressources de la technologie pour mesurer son \u00e2ge physiologique (et ainsi savoir o\u00f9 on en est fonctionnellement), mais \u00e9galement examiner dans le sang tous les processus de cette s\u00e9nescence pour les corriger. Jusqu\u2019\u00e0 pr\u00e9sent, les avanc\u00e9es m\u00e9dicales ont \u00e9t\u00e9 utilis\u00e9es pour diagnostiquer et traiter les maladies, tandis que maintenant, on peut les utiliser pour \u00e9valuer, maintenir et optimiser notre sant\u00e9. C\u2019est l\u2019introduction scientifique de la notion de \u00ab\u00a0capital sant\u00e9\u00a0\u00bb, et de son entretien.<\/p>\n\n\n\n<p><strong>L\u2019enjeu n\u2019est pas de vivre le plus vieux possible, mais de rester dans le meilleur \u00e9tat possible, le plus longtemps possible. Sauf que cela n\u00e9cessite des interventions.<\/strong><\/p>\n\n\n\n<p><strong>Comment entretenir ce <a href=\"https:\/\/www.institut-prevention-sante-longevite.fr\/fr\/sante\/\" target=\"_blank\" rel=\"noreferrer noopener\">capital sant\u00e9<\/a> de mani\u00e8re physiologique ?<\/strong><\/p>\n\n\n\n<p>Apr\u00e8s des d\u00e9cennies de recherche, on sait que le mode de vie, \u00e0 savoir l\u2019alimentation et l\u2019activit\u00e9 physique, n\u2019est pas suffisant. Il est n\u00e9cessaire d\u2019aller plus loin en redonnant \u00e0 l\u2019organisme ce dont il a besoin pour bien fonctionner \u2013 et je ne parle pas de m\u00e9dicaments, mais d\u2019\u00e9l\u00e9ments purement physiologiques. Le corps humain est comme une automobile : \u00e0 force de rouler, elle s\u2019use, et pour qu\u2019elle fonctionne le plus longtemps possible, il faut ajouter certains ingr\u00e9dients lors de la maintenance, comme de l\u2019huile constructeur. C\u2019est le m\u00eame principe avec la m\u00e9decine de la long\u00e9vit\u00e9 : il s\u2019agit d\u2019entretenir son organisme en lui apportant des \u00e9l\u00e9ments qui diminuent inexorablement en vieillissant et le fragilisent. C\u2019est le cas par exemple de la vitamine D, une hormone qui a un fort impact sur le syst\u00e8me osseux, sur le vieillissement c\u00e9r\u00e9bral, mais aussi l\u2019immunit\u00e9 en pr\u00e9venant certains cancers. Il existe 150 autres mol\u00e9cules que l\u2019on peut ainsi mesurer gr\u00e2ce \u00e0 une simple prise de sang, comme le coenzyme Q10, le s\u00e9l\u00e9nium, la pr\u00e9gn\u00e9nolone, la m\u00e9latonine, les vitamines B&#8230;<\/p>\n\n\n\n<p><strong>Suffirait il donc de surveiller nos \u00e9ventuelles carences et, en fonction, de faire des cures de vitamines et min\u00e9raux pour r\u00e9\u00e9quilibrer notre organisme ?<\/strong><\/p>\n\n\n\n<p>Dans un premier temps, pour reprendre l\u2019analogie de l\u2019automobile, il faut mettre la bonne essence, c\u2019est-\u00e0-dire s\u2019alimenter sainement, et conduire de fa\u00e7on raisonnable, en acc\u00e9l\u00e9rant doucement et en freinant par anticipation, ce qui correspond \u00e0 l\u2019exercice physique. Il est aussi n\u00e9cessaire de bannir au maximum les substances toxiques. Si ces r\u00e8gles hygi\u00e9niques et di\u00e9t\u00e9tiques de base rel\u00e8vent du bon sens, on a pourtant tendance aujourd\u2019hui \u00e0 consid\u00e9rer que la sant\u00e9 ne se perd que dans la maladie, alors qu\u2019elle se perd bien avant, sur le long terme. Notre r\u00f4le est de pr\u00e9server ce capital sant\u00e9 au quotidien, et pas seulement de faire appel \u00e0 la m\u00e9decine quand on en a besoin.<\/p>\n\n\n\n<p><strong>Un des principes cl\u00e9s pour garder la sant\u00e9 le plus longtemps possible est d\u2019\u00e9viter de surcharger son organisme en sucres, qui m\u00e8nent au ph\u00e9nom\u00e8ne de glycation.<\/strong><\/p>\n\n\n\n<p><strong>On peut ralentir le vieillissement, mais peut-on techniquement le stopper, voire rajeunir ? C\u2019est ce qu\u2019affirme avoir r\u00e9ussi \u00e0 faire le millionnaire am\u00e9ricain <a href=\"https:\/\/www.francetvinfo.fr\/replay-magazine\/france-2\/envoye-special\/video-et-si-rajeunir-devenait-possible_5819255.html\" target=\"_blank\" rel=\"noreferrer noopener\">Bryan Johnson<\/a>&#8230;<\/strong><\/p>\n\n\n\n<p>Cela part d\u2019un principe r\u00e9aliste : mesurer l\u2019\u00e2ge physiologique de ses diff\u00e9rents organes \u00e0 un moment donn\u00e9, et tenter d\u2019intervenir sur chacun d\u2019eux. L\u2019ADN, en vieillissant, va se couvrir de radicaux m\u00e9thyles : plus il est m\u00e9thyl\u00e9, plus il est vieux. Or, on peut, comme Bryan Johnson, modifier cette m\u00e9thylation de l\u2019ADN en jouant sur certains comportements (nutrition, sport&#8230;) et en corrigeant certains d\u00e9ficits gr\u00e2ce \u00e0 toutes sortes de compl\u00e9ments. Mais le millionnaire n\u2019a pas rajeuni son ADN, il a \u00ab\u00a0simplement\u00a0\u00bb fait en sorte qu\u2019il soit moins m\u00e9thyl\u00e9, et donc plus fonctionnel.<\/p>\n\n\n\n<p><strong>Quel est actuellement le pire ennemi d\u2019un vieillissement en bonne sant\u00e9 ? Qu\u2019est-ce qui fait le plus le lit des maladies ?<\/strong><\/p>\n\n\n\n<p>Un des principes cl\u00e9s pour garder la sant\u00e9 le plus longtemps possible est d\u2019\u00e9viter de surcharger son organisme en sucre. Les sucres m\u00e8nent au ph\u00e9nom\u00e8ne de glycation : quand il est en exc\u00e8s dans le sang, le sucre va se comporter comme une sorte de glu, qui va agr\u00e9ger les prot\u00e9ines, les rendre inactives, et donc aboutir \u00e0 une inflammation de l\u2019ensemble de l\u2019organisme (sous la peau, dans les yeux, le cerveau, les art\u00e8res, les nerfs&#8230;) et nous conduire aux pathologies. Nous consommons toujours trop de sucre dans notre soci\u00e9t\u00e9, notamment quand on veut se d\u00e9tendre, alors qu\u2019il faudrait le fuir au maximum.<\/p>\n\n\n\n<p><strong>Nos existences actuelles ne sont pas favorables \u00e0 un bon vieillissement, m\u00eame s\u2019il faut reconna\u00eetre que les progr\u00e8s de la m\u00e9decine ont permis de mieux traiter les maladies chroniques et d\u2019allonger l\u2019esp\u00e9rance de vie.<\/strong><\/p>\n\n\n\n<p><strong>Pour bien vieillir, faudrait il suivre l\u2019exemple des r\u00e9sidents des \u00ab\u00a0zones bleues\u00a0\u00bb, o\u00f9 l\u2019on trouve statistiquement le plus de centenaires en bonne sant\u00e9 ?<\/strong><\/p>\n\n\n\n<p>Les zones bleues sont la preuve que certains comportements peuvent nous aider \u00e0 vieillir mieux : leurs habitants suivent une alimentation m\u00e9diterran\u00e9enne (v\u00e9g\u00e9taux, poisson&#8230;) et plut\u00f4t frugale, ils demeurent actifs physiquement (chacun travaille \u00e0 sa mesure) et psychologiquement (ils sont toujours int\u00e9gr\u00e9s \u00e0 la communaut\u00e9 et contribuent \u00e0 celle-ci \u00e0 leur \u00e9chelle, m\u00eame les seniors), et ils sont tr\u00e8s peu anxieux gr\u00e2ce \u00e0 des habitudes de vie tr\u00e8s codifi\u00e9es. C\u2019est l\u2019inverse de ce qu\u2019on trouve dans nos soci\u00e9t\u00e9s occidentales, avec une s\u00e9dentarit\u00e9 accrue, une majorit\u00e9 de retrait\u00e9s inactifs, isol\u00e9s et malades, et un stress chronique. Nos existences actuelles ne sont pas favorables \u00e0 un bon vieillissement, m\u00eame s\u2019il faut reconna\u00eetre que les progr\u00e8s de la m\u00e9decine ont permis de mieux traiter les maladies chroniques et d\u2019allonger consid\u00e9rablement l\u2019esp\u00e9rance de vie, notamment gr\u00e2ce aux vaccins et aux antibiotiques.<\/p>\n\n\n\n<p><strong>Peut-on compter sur les sciences de la long\u00e9vit\u00e9 pour alt\u00e9rer un jour le vieillissement ? Apr\u00e8s tout, nous sommes capables, en th\u00e9orie, en laboratoire, d\u2019immortaliser des cellules, de rajeunir des cellules-souches&#8230;<\/strong><\/p>\n\n\n\n<p>Cela fait plus de trente ans que nous pouvons immortaliser des cellules en laboratoire&#8230; Nous avons la technologie, mais elle peine \u00e0 passer la barri\u00e8re du grand public. En 2012, le Japonais Shinya Yamanaka a re\u00e7u le prix Nobel pour son travail sur les cellules-souches : en modifiant leur g\u00e9nome, il a r\u00e9ussi \u00e0 les rajeunir pour de bon, de sorte qu\u2019elles r\u00e9cup\u00e8rent les capacit\u00e9s des cellules jeunes. Mais ce sont des manipulations g\u00e9n\u00e9tiques dont on ignore les cons\u00e9quences. A terme, cela ne va-t-il pas canc\u00e9riser l\u2019organisme ? Nous n\u2019avons pas encore le recul n\u00e9cessaire. Bien que le proc\u00e9d\u00e9 soit assez barbare, nous sommes \u00e9galement capables de rajeunir des petits mammif\u00e8res. C\u2019est ce qu\u2019on appelle la parabiose h\u00e9t\u00e9rochronique : en reliant les syst\u00e8mes vasculaires d\u2019un individu jeune et d\u2019un individu plus \u00e2g\u00e9, le plus vieux rajeunit, et r\u00e9ellement, pas seulement fonctionnellement. Dans cette qu\u00eate de jouvence, les Etats-Unis sont all\u00e9s tr\u00e8s loin : dans quelques cliniques ouvertes en Californie, il \u00e9tait possible d\u2019acheter du sang \u2013 qui est commercialisable dans le pays \u2013 de sujets jeunes et de l\u2019injecter \u00e0 des sujets plus \u00e2g\u00e9s. Mais cela n\u2019a donn\u00e9 aucun r\u00e9sultat, car c\u2019est plus compliqu\u00e9 que cela. Reste que la \u00ab\u00a0possibilit\u00e9 de\u00a0\u00bb est porteuse d\u2019espoir, et peut-\u00eatre que dans 15 ou 20 ans, en fonction des moyens mis \u00e0 disposition de la recherche, cela pourrait donner des choses \u00e9tonnantes. Chacun de nous doit \u00eatre conscient qu\u2019on pourra \u00e0 terme b\u00e9n\u00e9ficier de ces progr\u00e8s, l\u2019urgent est donc de rester en bonne sant\u00e9 maintenant pour avoir une chance d\u2019en b\u00e9n\u00e9ficier un jour.<\/p>\n\n\n\n<h4 class=\"wp-block-heading\">Il y a selon moi beaucoup plus de facult\u00e9s chez l\u2019\u00eatre humain que chez les machines.&nbsp;La vraie r\u00e9ponse se trouve dans la biologie, pas dans le transfert de notre cerveau vers une puce.<\/h4>\n\n\n\n<p><strong>Pensez-vous que l\u2019humain pourra vivre tr\u00e8s vieux et en bonne sant\u00e9 sans une once de transhumanisme ?<\/strong><\/p>\n\n\n\n<p>La notion de \u00ab\u00a0long\u00e9visme\u00a0\u00bb que je d\u00e9veloppe dans mon livre s\u2019oppose au \u00ab\u00a0transhumanisme\u00a0\u00bb, qui voit dans la technologie une mani\u00e8re de s\u2019augmenter, physiquement, cognitivement. Il y a selon moi beaucoup plus de facult\u00e9s chez l\u2019\u00eatre humain que chez les machines. Certaines \u00e9tudes ont par exemple r\u00e9v\u00e9l\u00e9 qu\u2019une proportion microscopique de notre ADN \u00e9quivalait, en termes de m\u00e9morisation, \u00e0 des centaines de disques durs. Notre biologie a une extraordinaire capacit\u00e9 d\u2019information et de r\u00e9cup\u00e9ration, il faut simplement apprendre \u00e0 la travailler et \u00e0 reg\u00e9n\u00e9rer notre organisme. La vraie r\u00e9ponse se trouve dans la biologie, pas dans le transfert de notre cerveau vers une puce.<\/p>\n\n\n\n<p><strong>Vieillir ne sera-t-il bient\u00f4t plus qu\u2019une maladie qu\u2019on peut soigner sur le long terme ?<\/strong><\/p>\n\n\n\n<p>Pour la premi\u00e8re fois, la notion de s\u00e9nescence appara\u00eet dans la <a href=\"https:\/\/www.who.int\/fr\/news\/item\/11-02-2022-icd-11-2022-release\" target=\"_blank\" rel=\"noreferrer noopener\">classification internationale des maladies<\/a> [CIM 11]. Peu \u00e0 peu, on se rapproche donc de l\u2019id\u00e9e que cette usure progressive de l\u2019organisme est la m\u00e8re de toutes les maladies, la maladie originelle. Le probl\u00e8me est la dissociation qu\u2019il existe entre les capacit\u00e9s futures de notre science et la volont\u00e9 de l\u2019\u00eatre humain de vouloir participer \u00e0 cette r\u00e9volution : au niveau individuel, on veut tous vivre mieux plus longtemps, mais pour cela, il est n\u00e9cessaire de changer son hygi\u00e8ne de vie, de faire des sacrifices, et trop peu de gens sont pr\u00eats \u00e0 les faire. En outre, il y a l\u2019aspect technique mais qu\u2019en est-il de l\u2019aspect psychologique ? Sommes nous vraiment faits pour vivre 150 ans ? Notre cerveau pourra-t-il s\u2019adapter ? On se rendra peut-\u00eatre compte que les gens qui d\u00e9passent un certain \u00e2ge se suicident, parce qu\u2019ils ne supportent plus l\u2019existence ou n\u2019ont pas la capacit\u00e9 cognitive suffisante pour voir au-del\u00e0 d\u2019un certain \u00e2ge&#8230; Imaginez aussi que certains puissent vivre tr\u00e8s vieux et d\u2019autres non : comment cela modifierait il nos relations aux autres ? C&rsquo;est une page blanche&#8230;<\/p>\n\n\n\n<p>A lire sur le site <a href=\"https:\/\/www.pourquoidocteur.fr\/Articles\/Question-d-actu\/47266-L-enjeu-n-est-vivre-vieux-possible-de-rester-le-meilleur-etat-le-plus-possible\" target=\"_blank\" rel=\"noreferrer noopener\">pourquoidocteur.fr<\/a><\/p>\n\n\n\n<figure class=\"wp-block-image size-large\"><a href=\"https:\/\/i0.wp.com\/www.institut-prevention-sante-longevite.fr\/wp-content\/uploads\/2024\/04\/image-2.png?ssl=1\"><img data-recalc-dims=\"1\" data-dominant-color=\"36383c\" data-has-transparency=\"true\" style=\"--dominant-color: #36383c;\" decoding=\"async\" width=\"800\" height=\"362\" sizes=\"(max-width: 800px) 100vw, 800px\" src=\"https:\/\/i0.wp.com\/www.institut-prevention-sante-longevite.fr\/wp-content\/uploads\/2024\/04\/image-2.png?resize=800%2C362&#038;ssl=1\" alt=\"\" class=\"wp-image-4892 has-transparency\" srcset=\"https:\/\/i0.wp.com\/www.institut-prevention-sante-longevite.fr\/wp-content\/uploads\/2024\/04\/image-2.png?resize=1024%2C463&amp;ssl=1 1024w, https:\/\/i0.wp.com\/www.institut-prevention-sante-longevite.fr\/wp-content\/uploads\/2024\/04\/image-2.png?resize=300%2C136&amp;ssl=1 300w, https:\/\/i0.wp.com\/www.institut-prevention-sante-longevite.fr\/wp-content\/uploads\/2024\/04\/image-2.png?resize=768%2C347&amp;ssl=1 768w, https:\/\/i0.wp.com\/www.institut-prevention-sante-longevite.fr\/wp-content\/uploads\/2024\/04\/image-2.png?w=1052&amp;ssl=1 1052w\" \/><\/a><\/figure>\n","protected":false},"excerpt":{"rendered":"<p>Avanc\u00e9es m\u00e9dicales, mode de vie, \u00ab\u00a0capital sant\u00e9\u00ab\u00a0&#8230; Dans son dernier ouvrage, le m\u00e9decin et sp\u00e9cialiste du vieillissement Christophe de Jaeger explore les nouvelles sciences de la long\u00e9vit\u00e9 qui pourraient bien, un jour, nous faire vivre sans probl\u00e8me jusqu\u2019\u00e0 150 ans. Publi\u00e9 le 21.04.2024 \u00e0 08h00 Est-ce la fin de l&rsquo;obsolescence programm\u00e9e de l&rsquo;\u00eatre humain ?\u00a0\u00bb, [&hellip;]<\/p>\n","protected":false},"author":5,"featured_media":4873,"comment_status":"closed","ping_status":"closed","sticky":false,"template":"","format":"standard","meta":{"_acf_changed":false,"_jetpack_memberships_contains_paid_content":false,"footnotes":""},"categories":[40],"tags":[],"class_list":["post-4872","post","type-post","status-publish","format-standard","has-post-thumbnail","hentry","category-actualites"],"acf":[],"jetpack_featured_media_url":"https:\/\/i0.wp.com\/www.institut-prevention-sante-longevite.fr\/wp-content\/uploads\/2024\/04\/pexels-photo-1007858-jpeg.webp?fit=1880%2C1251&ssl=1","jetpack_sharing_enabled":true,"_links":{"self":[{"href":"https:\/\/www.institut-prevention-sante-longevite.fr\/fr\/wp-json\/wp\/v2\/posts\/4872","targetHints":{"allow":["GET"]}}],"collection":[{"href":"https:\/\/www.institut-prevention-sante-longevite.fr\/fr\/wp-json\/wp\/v2\/posts"}],"about":[{"href":"https:\/\/www.institut-prevention-sante-longevite.fr\/fr\/wp-json\/wp\/v2\/types\/post"}],"author":[{"embeddable":true,"href":"https:\/\/www.institut-prevention-sante-longevite.fr\/fr\/wp-json\/wp\/v2\/users\/5"}],"replies":[{"embeddable":true,"href":"https:\/\/www.institut-prevention-sante-longevite.fr\/fr\/wp-json\/wp\/v2\/comments?post=4872"}],"version-history":[{"count":4,"href":"https:\/\/www.institut-prevention-sante-longevite.fr\/fr\/wp-json\/wp\/v2\/posts\/4872\/revisions"}],"predecessor-version":[{"id":4896,"href":"https:\/\/www.institut-prevention-sante-longevite.fr\/fr\/wp-json\/wp\/v2\/posts\/4872\/revisions\/4896"}],"wp:featuredmedia":[{"embeddable":true,"href":"https:\/\/www.institut-prevention-sante-longevite.fr\/fr\/wp-json\/wp\/v2\/media\/4873"}],"wp:attachment":[{"href":"https:\/\/www.institut-prevention-sante-longevite.fr\/fr\/wp-json\/wp\/v2\/media?parent=4872"}],"wp:term":[{"taxonomy":"category","embeddable":true,"href":"https:\/\/www.institut-prevention-sante-longevite.fr\/fr\/wp-json\/wp\/v2\/categories?post=4872"},{"taxonomy":"post_tag","embeddable":true,"href":"https:\/\/www.institut-prevention-sante-longevite.fr\/fr\/wp-json\/wp\/v2\/tags?post=4872"}],"curies":[{"name":"wp","href":"https:\/\/api.w.org\/{rel}","templated":true}]}}