{"id":5062,"date":"2024-07-22T08:37:40","date_gmt":"2024-07-22T07:37:40","guid":{"rendered":"https:\/\/www.institut-prevention-sante-longevite.fr\/?p=5062"},"modified":"2024-07-22T08:37:42","modified_gmt":"2024-07-22T07:37:42","slug":"une-mutation-genetique-a-retarde-levolution-de-la-maladie-dalzheimer-ouvrant-la-voie-a-de-nouvelles-pistes-de-traitement","status":"publish","type":"post","link":"https:\/\/www.institut-prevention-sante-longevite.fr\/fr\/une-mutation-genetique-a-retarde-levolution-de-la-maladie-dalzheimer-ouvrant-la-voie-a-de-nouvelles-pistes-de-traitement\/","title":{"rendered":"Une mutation g\u00e9n\u00e9tique a retard\u00e9 l\u2019\u00e9volution de la maladie d&rsquo;Alzheimer, ouvrant la voie \u00e0 de nouvelles pistes de traitement"},"content":{"rendered":"\n<p>Un homme a b\u00e9n\u00e9fici\u00e9 d\u2019une mutation g\u00e9n\u00e9tique et a ainsi pu ne pas mourir trop t\u00f4t de la maladie d\u2019Alzheimer.<\/p>\n\n\n\n<p><strong><em>La <a href=\"https:\/\/centre-memoire.org\/\">m\u00e9decine du futur<\/a><\/em><\/strong><\/p>\n\n\n\n<p><a href=\"https:\/\/atlantico.fr\/\">Atlantico<\/a> avec le Docteur <a href=\"https:\/\/fr.wikipedia.org\/wiki\/Christophe_de_Jaeger\">Christophe de Jaeger<\/a><\/p>\n\n\n\n<figure class=\"wp-block-image size-full\"><a href=\"https:\/\/i0.wp.com\/www.institut-prevention-sante-longevite.fr\/wp-content\/uploads\/2024\/07\/pexels-photo-2280571-jpeg.webp?ssl=1\"><img data-recalc-dims=\"1\" data-dominant-color=\"97bfcc\" data-has-transparency=\"false\" style=\"--dominant-color: #97bfcc;\" fetchpriority=\"high\" decoding=\"async\" width=\"800\" height=\"534\" sizes=\"(max-width: 800px) 100vw, 800px\" src=\"https:\/\/i0.wp.com\/www.institut-prevention-sante-longevite.fr\/wp-content\/uploads\/2024\/07\/pexels-photo-2280571-jpeg.webp?resize=800%2C534&#038;ssl=1\" alt=\"Science : mutation g\u00e9n\u00e9tique sur la maladie d'Alzeimer\" class=\"wp-image-5068 not-transparent\" srcset=\"https:\/\/i0.wp.com\/www.institut-prevention-sante-longevite.fr\/wp-content\/uploads\/2024\/07\/pexels-photo-2280571-jpeg.webp?w=1880&amp;ssl=1 1880w, https:\/\/i0.wp.com\/www.institut-prevention-sante-longevite.fr\/wp-content\/uploads\/2024\/07\/pexels-photo-2280571-jpeg.webp?resize=300%2C200&amp;ssl=1 300w, https:\/\/i0.wp.com\/www.institut-prevention-sante-longevite.fr\/wp-content\/uploads\/2024\/07\/pexels-photo-2280571-jpeg.webp?resize=1024%2C684&amp;ssl=1 1024w, https:\/\/i0.wp.com\/www.institut-prevention-sante-longevite.fr\/wp-content\/uploads\/2024\/07\/pexels-photo-2280571-jpeg.webp?resize=768%2C513&amp;ssl=1 768w, https:\/\/i0.wp.com\/www.institut-prevention-sante-longevite.fr\/wp-content\/uploads\/2024\/07\/pexels-photo-2280571-jpeg.webp?resize=1536%2C1025&amp;ssl=1 1536w, https:\/\/i0.wp.com\/www.institut-prevention-sante-longevite.fr\/wp-content\/uploads\/2024\/07\/pexels-photo-2280571-jpeg.webp?w=1600&amp;ssl=1 1600w\" \/><\/a><figcaption class=\"wp-element-caption\">Photo by Chokniti Khongchum on <a href=\"https:\/\/www.pexels.com\/photo\/person-holding-laboratory-flask-2280571\/\" rel=\"nofollow\">Pexels.com<\/a><\/figcaption><\/figure>\n\n\n\n<p><strong>Atlantico : Un homme a b\u00e9n\u00e9fici\u00e9 d\u2019une mutation g\u00e9n\u00e9tique et a ainsi pu ne pas mourir trop t\u00f4t de la maladie d\u2019Alzheimer. Comment l\u2019expliquer ?<\/strong><\/p>\n\n\n\n<p><strong><a href=\"https:\/\/fr.wikipedia.org\/wiki\/Christophe_de_Jaeger\">Christophe de Jaeger<\/a>\u00a0:\u00a0<\/strong>Vous avez des familles, bien connues des m\u00e9decins, qui font des maladies d\u2019Alzheimer tr\u00e8s t\u00f4t, autour de 40 ou 50 ans. C\u2019est quelque chose de dramatique.\u00a0Or il appara\u00eet qu\u2019il y a eu une personne qui a eu un retard de 20 ans dans l\u2019expression de la maladie et de son d\u00e9c\u00e8s. Il aurait d\u00fb mourir \u00e0 50 ans. Les chercheurs se sont interrog\u00e9s pour tenter d&rsquo;expliquer cela. En travaillant sur le cerveau du sujet d\u00e9c\u00e9d\u00e9, ils se sont aper\u00e7us qu\u2019il avait b\u00e9n\u00e9fici\u00e9 d\u2019une autre mutation, laquelle a permis de s\u00e9cr\u00e9ter une prot\u00e9ine, la Reelin, et de bloquer l\u2019\u00e9volution de la maladie dans une petite zone du cerveau, le cortex entorhinal. Cette mutation va retarder l\u2019apparition de la maladie.<\/p>\n\n\n\n<p>C\u2019est une voie th\u00e9rapeutique possible qui appara\u00eet car on imagine utiliser cette prot\u00e9ine pour soigner des maladies d\u2019Alzheimer ou m\u00eame peut-\u00eatre pouvoir utiliser le produit quasiment en pr\u00e9ventif, mais la difficult\u00e9 \u00e9tant d\u2019amener le produit au niveau de ce cortex entorhinal. Certains s\u2019interrogent notamment sur la mani\u00e8re d\u2019injecter une aiguille dans une petite partie du cerveau.<\/p>\n\n\n\n<p><strong>Cette d\u00e9couverte est-elle porteuse d\u2019espoir&nbsp;?<\/strong><\/p>\n\n\n\n<p>Cela reste une piste de traitement int\u00e9ressante. C\u2019est une d\u00e9couverte forte. il y a un int\u00e9r\u00eat m\u00e9dical et scientifique certain. Mais de l\u00e0 \u00e0 imaginer un traitement dans quelques ann\u00e9es pour soigner la maladie d&rsquo;Alzheimer, c\u2019est tr\u00e8s exag\u00e9r\u00e9.<\/p>\n\n\n\n<p><strong>O\u00f9 en est-on aujourd\u2019hui sur le traitement de la maladie d\u2019Alzheimer\u00a0?<\/strong><\/p>\n\n\n\n<p>Le gros probl\u00e8me du traitement de la maladie d\u2019Alzheimer est qu\u2019on ne conna\u00eet pas toujours avec certitude les causes. On est face \u00e0 une multitude de fragilit\u00e9s&nbsp;: sensibilit\u00e9s g\u00e9n\u00e9tiques, intrication de maladies virales, intrication avec des intoxications \u00e0 des m\u00e9taux rares. En r\u00e9alit\u00e9, il y a beaucoup d\u2019\u00e9l\u00e9ments qui peuvent expliquer l\u2019apparition de cette maladie et les causes sont diff\u00e9rentes d\u2019un sujet \u00e0 un autre.<\/p>\n\n\n\n<p>Il y a toute une s\u00e9rie de m\u00e9dicaments prometteurs, mais tout \u00e7a est \u00e0 l\u2019essai. Aujourd\u2019hui, aucun traitement univoque n\u2019existe.<\/p>\n\n\n\n<p>Le v\u00e9ritable enjeu, avec cette maladie neurod\u00e9g\u00e9n\u00e9rative progressive, est le diagnostic pr\u00e9coce. Il y a encore des retards de diagnostic car on consid\u00e8re qu\u2019au bout d\u2019un certain \u00e2ge, il est normal d\u2019oublier des choses. Il y a ensuite plusieurs niveaux d\u2019intervention, comme la stimulation des fonctions cognitives, de la m\u00e9moire. Ca ne va pas gu\u00e9rir la maladie d\u2019Alzheimer, mais cela va contribuer \u00e0 la ralentir. Cela peut faire gagner au malade plusieurs ann\u00e9es de vie. L\u2019exercice physique adapt\u00e9 est aussi pr\u00e9conis\u00e9 car cela va favoriser la circulation sanguine et\u00a0in fine\u00a0la s\u00e9cr\u00e9tion de facteurs de croissance neuronaux. Cela va freiner la maladie sans la gu\u00e9rir.<\/p>\n\n\n\n<p>La maladie d\u2019Alzheimer est le d\u00e9fi de notre si\u00e8cle car le nombre de personnes \u00e2g\u00e9es augmente et la fr\u00e9quence de cette maladie augmente avec l\u2019\u00e2ge. On va avoir de plus en plus de gens touch\u00e9s par cette maladie. Toute nouvelle piste doit \u00eatre consid\u00e9r\u00e9e et explor\u00e9e au maximum.<\/p>\n\n\n\n<p>Article \u00e0 lire sur <a href=\"https:\/\/atlantico.fr\/article\/decryptage\/une-mutation-genetique-a-retarde-l-evolution-de-la-maladie-d-alzheimer-ouvrant-la-voie-a-de-nouvelles-pistes-de-traitement-christophe-de-jaeger\">Atlantico<\/a><\/p>\n\n\n\n<figure class=\"wp-block-image size-full\"><a href=\"https:\/\/i0.wp.com\/www.institut-prevention-sante-longevite.fr\/wp-content\/uploads\/2024\/07\/Signature-site-internet-CDJ-1024x462-1-1-1-1.webp?ssl=1\"><img data-recalc-dims=\"1\" data-dominant-color=\"37383c\" data-has-transparency=\"true\" style=\"--dominant-color: #37383c;\" decoding=\"async\" width=\"800\" height=\"361\" sizes=\"(max-width: 800px) 100vw, 800px\" src=\"https:\/\/i0.wp.com\/www.institut-prevention-sante-longevite.fr\/wp-content\/uploads\/2024\/07\/Signature-site-internet-CDJ-1024x462-1-1-1-1.webp?resize=800%2C361&#038;ssl=1\" alt=\"\" class=\"wp-image-5076 has-transparency\" srcset=\"https:\/\/i0.wp.com\/www.institut-prevention-sante-longevite.fr\/wp-content\/uploads\/2024\/07\/Signature-site-internet-CDJ-1024x462-1-1-1-1.webp?w=1024&amp;ssl=1 1024w, https:\/\/i0.wp.com\/www.institut-prevention-sante-longevite.fr\/wp-content\/uploads\/2024\/07\/Signature-site-internet-CDJ-1024x462-1-1-1-1.webp?resize=300%2C135&amp;ssl=1 300w, https:\/\/i0.wp.com\/www.institut-prevention-sante-longevite.fr\/wp-content\/uploads\/2024\/07\/Signature-site-internet-CDJ-1024x462-1-1-1-1.webp?resize=768%2C347&amp;ssl=1 768w\" \/><\/a><\/figure>\n","protected":false},"excerpt":{"rendered":"<p>Un homme a b\u00e9n\u00e9fici\u00e9 d\u2019une mutation g\u00e9n\u00e9tique et a ainsi pu ne pas mourir trop t\u00f4t de la maladie d\u2019Alzheimer. La m\u00e9decine du futur Atlantico avec le Docteur Christophe de Jaeger Atlantico : Un homme a b\u00e9n\u00e9fici\u00e9 d\u2019une mutation g\u00e9n\u00e9tique et a ainsi pu ne pas mourir trop t\u00f4t de la maladie d\u2019Alzheimer. Comment l\u2019expliquer [&hellip;]<\/p>\n","protected":false},"author":5,"featured_media":5063,"comment_status":"closed","ping_status":"closed","sticky":false,"template":"","format":"standard","meta":{"_acf_changed":false,"_jetpack_memberships_contains_paid_content":false,"footnotes":""},"categories":[40],"tags":[],"class_list":["post-5062","post","type-post","status-publish","format-standard","has-post-thumbnail","hentry","category-actualites"],"acf":[],"jetpack_featured_media_url":"https:\/\/i0.wp.com\/www.institut-prevention-sante-longevite.fr\/wp-content\/uploads\/2024\/07\/pexels-photo-4226219-jpeg.webp?fit=1880%2C1253&ssl=1","jetpack_sharing_enabled":true,"_links":{"self":[{"href":"https:\/\/www.institut-prevention-sante-longevite.fr\/fr\/wp-json\/wp\/v2\/posts\/5062","targetHints":{"allow":["GET"]}}],"collection":[{"href":"https:\/\/www.institut-prevention-sante-longevite.fr\/fr\/wp-json\/wp\/v2\/posts"}],"about":[{"href":"https:\/\/www.institut-prevention-sante-longevite.fr\/fr\/wp-json\/wp\/v2\/types\/post"}],"author":[{"embeddable":true,"href":"https:\/\/www.institut-prevention-sante-longevite.fr\/fr\/wp-json\/wp\/v2\/users\/5"}],"replies":[{"embeddable":true,"href":"https:\/\/www.institut-prevention-sante-longevite.fr\/fr\/wp-json\/wp\/v2\/comments?post=5062"}],"version-history":[{"count":2,"href":"https:\/\/www.institut-prevention-sante-longevite.fr\/fr\/wp-json\/wp\/v2\/posts\/5062\/revisions"}],"predecessor-version":[{"id":5080,"href":"https:\/\/www.institut-prevention-sante-longevite.fr\/fr\/wp-json\/wp\/v2\/posts\/5062\/revisions\/5080"}],"wp:featuredmedia":[{"embeddable":true,"href":"https:\/\/www.institut-prevention-sante-longevite.fr\/fr\/wp-json\/wp\/v2\/media\/5063"}],"wp:attachment":[{"href":"https:\/\/www.institut-prevention-sante-longevite.fr\/fr\/wp-json\/wp\/v2\/media?parent=5062"}],"wp:term":[{"taxonomy":"category","embeddable":true,"href":"https:\/\/www.institut-prevention-sante-longevite.fr\/fr\/wp-json\/wp\/v2\/categories?post=5062"},{"taxonomy":"post_tag","embeddable":true,"href":"https:\/\/www.institut-prevention-sante-longevite.fr\/fr\/wp-json\/wp\/v2\/tags?post=5062"}],"curies":[{"name":"wp","href":"https:\/\/api.w.org\/{rel}","templated":true}]}}