{"id":5312,"date":"2025-01-14T09:37:17","date_gmt":"2025-01-14T08:37:17","guid":{"rendered":"https:\/\/www.institut-prevention-sante-longevite.fr\/?p=5312"},"modified":"2025-01-14T09:37:21","modified_gmt":"2025-01-14T08:37:21","slug":"pourquoi-le-vin-rouge-donne-t-il-mal-a-la-tete-la-science-a-la-reponse","status":"publish","type":"post","link":"https:\/\/www.institut-prevention-sante-longevite.fr\/fr\/pourquoi-le-vin-rouge-donne-t-il-mal-a-la-tete-la-science-a-la-reponse\/","title":{"rendered":"Pourquoi le vin rouge donne-t-il mal \u00e0 la t\u00eate ? La science a la r\u00e9ponse !"},"content":{"rendered":"\n<p>Plaisant pour les amateurs, le vin rouge peut cependant causer des maux de t\u00eate. Gr\u00e2ce aux r\u00e9centes recherches de l\u2019Universit\u00e9 de Californie, la mol\u00e9cule naturelle \u00e0 l&rsquo;origine de ce d\u00e9sagr\u00e9ment aurait \u00e9t\u00e9 trouv\u00e9e.<\/p>\n\n\n\n<p><a href=\"https:\/\/www.doctissimo.fr\/equipe\/auteurs\/sihem-boultif\">Sihem Boultif<\/a> Journaliste sant\u00e9 en collaboration avec <strong><a href=\"https:\/\/fr.wikipedia.org\/wiki\/Christophe_de_Jaeger\">Docteur Christophe de Jaeger<\/a> (M\u00e9decin Physiologiste et chercheur)<\/strong><\/p>\n\n\n\n<figure class=\"wp-block-image size-full\"><a href=\"https:\/\/i0.wp.com\/www.institut-prevention-sante-longevite.fr\/wp-content\/uploads\/2025\/01\/pexels-photo-10787145.webp?ssl=1\"><img data-recalc-dims=\"1\" data-dominant-color=\"938774\" data-has-transparency=\"false\" style=\"--dominant-color: #938774;\" fetchpriority=\"high\" decoding=\"async\" width=\"800\" height=\"741\" sizes=\"(max-width: 800px) 100vw, 800px\" src=\"https:\/\/i0.wp.com\/www.institut-prevention-sante-longevite.fr\/wp-content\/uploads\/2025\/01\/pexels-photo-10787145.webp?resize=800%2C741&#038;ssl=1\" alt=\"a bottle of red wine beside a goblet on a wooden surface\" class=\"wp-image-5313 not-transparent\" srcset=\"https:\/\/i0.wp.com\/www.institut-prevention-sante-longevite.fr\/wp-content\/uploads\/2025\/01\/pexels-photo-10787145.webp?w=1404&amp;ssl=1 1404w, https:\/\/i0.wp.com\/www.institut-prevention-sante-longevite.fr\/wp-content\/uploads\/2025\/01\/pexels-photo-10787145.webp?resize=300%2C278&amp;ssl=1 300w, https:\/\/i0.wp.com\/www.institut-prevention-sante-longevite.fr\/wp-content\/uploads\/2025\/01\/pexels-photo-10787145.webp?resize=1024%2C948&amp;ssl=1 1024w, https:\/\/i0.wp.com\/www.institut-prevention-sante-longevite.fr\/wp-content\/uploads\/2025\/01\/pexels-photo-10787145.webp?resize=768%2C711&amp;ssl=1 768w\" \/><\/a><figcaption class=\"wp-element-caption\">Photo by Brett Jordan on <a href=\"https:\/\/www.pexels.com\/photo\/a-bottle-of-red-wine-beside-a-goblet-on-a-wooden-surface-10787145\/\" rel=\"nofollow\">Pexels.com<\/a><\/figcaption><\/figure>\n\n\n\n<h3 class=\"wp-block-heading\">EN BREF<\/h3>\n\n\n\n<ul class=\"wp-block-list\">\n<li>Des chercheurs de l&rsquo;Universit\u00e9 de Californie, dirig\u00e9s par le Dr Morris Levin, ont \u00e9tudi\u00e9 l&rsquo;impact de la querc\u00e9tine dans le vin rouge sur les maux de t\u00eate.<\/li>\n\n\n\n<li>La querc\u00e9tine, pr\u00e9sente dans le vin rouge, bloque une enzyme essentielle, entra\u00eenant une accumulation d&rsquo;ac\u00e9tald\u00e9hyde qui provoque des maux de t\u00eate chez certains consommateurs.<\/li>\n\n\n\n<li>D\u00e9couvrez comment cette d\u00e9couverte pourrait influencer le choix des vins et la production viticole pour minimiser ces effets ind\u00e9sirables.<\/li>\n<\/ul>\n\n\n\n<p><strong>Sommaire<\/strong><\/p>\n\n\n\n<ul class=\"wp-block-list\">\n<li>La querc\u00e9tine : une mol\u00e9cule cl\u00e9 dans le processus<\/li>\n\n\n\n<li>Tous les vins ne se valent pas<\/li>\n\n\n\n<li>Une avanc\u00e9e qui divise les experts<\/li>\n<\/ul>\n\n\n\n<p><\/p>\n\n\n\n<p>Un verre de vin rouge, un mal de t\u00eate qui s\u2019installe ? Ce n\u2019est pas qu\u2019une question de quantit\u00e9 ! Des chercheurs de l\u2019Universit\u00e9 de Californie ont perc\u00e9 le myst\u00e8re : une mol\u00e9cule naturelle pr\u00e9sente dans le vin rouge, la querc\u00e9tine, serait responsable de ces d\u00e9sagr\u00e9ments. L\u2019enqu\u00eate scientifique, men\u00e9e sur une douzaine de compos\u00e9s, offre un nouvel \u00e9clairage sur ce ph\u00e9nom\u00e8ne bien connu des amateurs de vin.<\/p>\n\n\n\n<h2 class=\"wp-block-heading\" id=\"ctn-summary-title1\"><strong>La querc\u00e9tine : une mol\u00e9cule cl\u00e9 dans le processus<\/strong><\/h2>\n\n\n\n<p>Pr\u00e9sente dans la peau et les p\u00e9pins des raisins, la <a href=\"https:\/\/www.doctissimo.fr\/medecines-douces\/medecines-douces-prevention-systeme-immunitaire\/quercetine\">querc\u00e9tine<\/a> est un antioxydant naturel largement retrouv\u00e9 dans le vin rouge. Une fois ing\u00e9r\u00e9e, cette mol\u00e9cule est transform\u00e9e en diff\u00e9rentes substances dans l\u2019organisme, dont le glucuronide de querc\u00e9tine. Ce dernier bloque une enzyme essentielle \u00e0 la conversion de l\u2019ac\u00e9tald\u00e9hyde, un sous-produit de l\u2019alcool, en ac\u00e9tate. R\u00e9sultat ? L\u2019ac\u00e9tald\u00e9hyde s\u2019accumule dans le sang, provoquant des maux de t\u00eate, naus\u00e9es et sueurs chez certains buveurs.<\/p>\n\n\n\n<p>\u00ab\u00a0<em>Nous pensons \u00eatre enfin sur la bonne voie pour expliquer ce myst\u00e8re vieux de mille ans<\/em>\u00ab\u00a0, souligne le Dr Morris Levin, directeur du Headache Center de l\u2019Universit\u00e9 de Californie, dans une interview \u00e0 <em>The Guardian<\/em>.<\/p>\n\n\n\n<h2 class=\"wp-block-heading\" id=\"ctn-summary-title2\"><strong>Tous les vins ne se valent pas<\/strong><\/h2>\n\n\n\n<p>Les chercheurs ont \u00e9galement d\u00e9couvert que la quantit\u00e9 de querc\u00e9tine varie selon les types de vins rouges. Les vins issus de raisins expos\u00e9s \u00e0 un fort ensoleillement en contiennent jusqu\u2019\u00e0 cinq fois plus que d\u2019autres. Toutefois, cette r\u00e9action ne concerne pas tous les consommateurs de vin rouge. \u00ab\u00a0<em>L\u2019\u00e9tape suivante consiste \u00e0 effectuer des tests sur les personnes sujettes \u00e0 ces maux de t\u00eate<\/em>\u00ab\u00a0, pr\u00e9cise le Dr Levin. Cette avanc\u00e9e pourrait aider les amateurs de vin \u00e0 choisir des bouteilles moins susceptibles de provoquer ces effets secondaires, tout en offrant aux vignerons la possibilit\u00e9 d\u2019ajuster la teneur en querc\u00e9tine dans leurs productions.<\/p>\n\n\n\n<h2 class=\"wp-block-heading\" id=\"ctn-summary-title3\"><strong>Une avanc\u00e9e qui divise les experts<\/strong><\/h2>\n\n\n\n<p>Pour le <a href=\"https:\/\/fr.wikipedia.org\/wiki\/Christophe_de_Jaeger\">Docteur Christophe de Jaeger<\/a>, m\u00e9decin physiologiste, ces conclusions sont prometteuses, mais soul\u00e8vent une question : \u00ab\u00a0<em>Faut-il bloquer cette r\u00e9action enzymatique pour permettre une plus grande tol\u00e9rance \u00e0 l\u2019alcool et au vin rouge en particulier ?<\/em>\u00a0\u00bb Si cette solution pourrait b\u00e9n\u00e9ficier \u00e0 certaines personnes, le sp\u00e9cialiste rappelle que l\u2019alcool reste un toxique et qu\u2019un tel m\u00e9canisme naturel, limitant la consommation, est b\u00e9n\u00e9fique.<\/p>\n\n\n\n<blockquote class=\"wp-block-quote is-layout-flow wp-block-quote-is-layout-flow\">\n<p>\u00ab\u00a0<em>L\u2019\u00eatre humain est bien fait : ce m\u00e9canisme est un garde-fou naturel contre une consommation excessive, ce qui est crucial pour pr\u00e9server la sant\u00e9 \u00e0 long terme<\/em>\u00ab\u00a0, conclut le <a href=\"https:\/\/fr.wikipedia.org\/wiki\/Christophe_de_Jaeger\">Docteur de Jaeger<\/a>.<\/p>\n\n\n\n<h3 class=\"wp-block-heading\">Sources<\/h3>\n\n\n\n<ul class=\"wp-block-list\">\n<li>Entretien avec le <a href=\"https:\/\/fr.wikipedia.org\/wiki\/Christophe_de_Jaeger\">Docteur Christophe de Jaeger<\/a>, le 23 novembre 2023. Le <a href=\"https:\/\/fr.wikipedia.org\/wiki\/Christophe_de_Jaeger\">Docteur Christophe de Jaeger<\/a> est m\u00e9decin physiologiste et l&rsquo;auteur du r\u00e9cent ouvrage \u00ab\u00a0<a href=\"https:\/\/fliz.ly\/YbwvQ_w?location=https%3A%2F%2Fwww.doctissimo.fr%2Fnutrition%2Faliments-et-boissons%2Fvin%2Fpourquoi-le-vin-rouge-donne-t-il-mal-a-la-tete-la-science-a-la-reponse-320145.htm\">M\u00e9decine de la long\u00e9vit\u00e9 : une r\u00e9volution !<\/a>\u00a0\u00bb paru aux \u00e9ditions Tr\u00e9daniel.<\/li>\n\n\n\n<li>Devi, A., Levin, M. &amp; Waterhouse, A.L. Inhibition of ALDH2 by quercetin glucuronide suggests a new hypothesis to explain red wine headaches. Sci Rep <strong>13<\/strong>, 19503 (2023). <a href=\"https:\/\/doi.org\/10.1038\/s41598-023-46203-y\">https:\/\/doi.org\/10.1038\/s41598-023-46203-y<\/a><\/li>\n<\/ul>\n\n\n\n<p>Article \u00e0 retrouver sur <a href=\"https:\/\/www.doctissimo.fr\/nutrition\/aliments-et-boissons\/vin\/pourquoi-le-vin-rouge-donne-t-il-mal-a-la-tete-la-science-a-la-reponse-320145.htm\">Doctissimo<\/a><\/p>\n<\/blockquote>\n\n\n\n<p><\/p>\n\n\n\n<figure class=\"wp-block-image size-medium is-resized is-style-default\"><a href=\"https:\/\/i0.wp.com\/www.institut-prevention-sante-longevite.fr\/wp-content\/uploads\/2023\/10\/Livre-CDJ-2023-jpg.webp?ssl=1\"><img data-recalc-dims=\"1\" data-dominant-color=\"c7c9d4\" data-has-transparency=\"false\" style=\"--dominant-color: #c7c9d4;\" decoding=\"async\" sizes=\"(max-width: 800px) 100vw, 800px\" src=\"https:\/\/i0.wp.com\/www.institut-prevention-sante-longevite.fr\/wp-content\/uploads\/2023\/10\/Livre-CDJ-2023-225x300.webp?resize=195%2C259&#038;ssl=1\" alt=\"\" class=\"wp-image-4652 not-transparent\" width=\"195\" height=\"259\" srcset=\"https:\/\/i0.wp.com\/www.institut-prevention-sante-longevite.fr\/wp-content\/uploads\/2023\/10\/Livre-CDJ-2023-jpg.webp?resize=225%2C300&amp;ssl=1 225w, https:\/\/i0.wp.com\/www.institut-prevention-sante-longevite.fr\/wp-content\/uploads\/2023\/10\/Livre-CDJ-2023-jpg.webp?w=448&amp;ssl=1 448w\" \/><\/a><\/figure>\n\n\n\n<p>Le <a href=\"https:\/\/fr.wikipedia.org\/wiki\/Christophe_de_Jaeger\" target=\"_blank\" rel=\"noreferrer noopener\">Docteur Christophe de Jaeger<\/a> est m\u00e9decin et son travail est centr\u00e9 sur la physiologie de la s\u00e9nescence depuis plus de 30 ans.<\/p>\n\n\n\n<p>Il a d\u00e9velopp\u00e9 en particulier la notion d\u2019\u00e2ge physiologique (diff\u00e9rent de l\u2019\u00e2ge chronologique et<\/p>\n\n\n\n<p>de l\u2019\u00e2ge ressenti) et sa prise en charge afin d\u2019optimiser le capital sant\u00e9 de chacun et de lui conserver le plus longtemps possible ses capacit\u00e9s physiologiques. En d\u2019autres termes, rester en bonne sant\u00e9 le plus longtemps possible.<\/p>\n\n\n\n<p>De formation initiale g\u00e9rontologue, il a rapidement compl\u00e9t\u00e9 son cursus \u00e0 la facult\u00e9 des sciences en biologie de la s\u00e9nescence. Il enseigne \u00e0 la facult\u00e9 de m\u00e9decine de Paris et de Lille et \u00e9galement \u00e0 la facult\u00e9 des sciences dans le Master de biologie du vieillissement. Il a \u00e9crit ou co\u00e9crit de nombreux livres dont une dizaine grand public, ainsi que de nombreux articles scientifiques.<\/p>\n\n\n\n<p>Son dernier ouvrage grand public \u00a0\u00bb<a href=\"https:\/\/www.amazon.fr\/dp\/2813229954?tag=doctissimo01-azz-94-21\" target=\"_blank\" rel=\"noreferrer noopener\">M\u00e9decine de la Long\u00e9vit\u00e9 : Une r\u00e9volution !<\/a>\u00a0\u00bb est publi\u00e9 en octobre 2023 chez Guy Tr\u00e9daniel \u00e9diteur.<\/p>\n","protected":false},"excerpt":{"rendered":"<p>Plaisant pour les amateurs, le vin rouge peut cependant causer des maux de t\u00eate. Gr\u00e2ce aux r\u00e9centes recherches de l\u2019Universit\u00e9 de Californie, la mol\u00e9cule naturelle \u00e0 l&rsquo;origine de ce d\u00e9sagr\u00e9ment aurait \u00e9t\u00e9 trouv\u00e9e. Sihem Boultif Journaliste sant\u00e9 en collaboration avec Docteur Christophe de Jaeger (M\u00e9decin Physiologiste et chercheur) EN BREF Sommaire Un verre de vin [&hellip;]<\/p>\n","protected":false},"author":5,"featured_media":5317,"comment_status":"closed","ping_status":"closed","sticky":false,"template":"","format":"standard","meta":{"_acf_changed":false,"_jetpack_memberships_contains_paid_content":false,"footnotes":""},"categories":[40],"tags":[],"class_list":["post-5312","post","type-post","status-publish","format-standard","has-post-thumbnail","hentry","category-actualites"],"acf":[],"jetpack_featured_media_url":"https:\/\/i0.wp.com\/www.institut-prevention-sante-longevite.fr\/wp-content\/uploads\/2025\/01\/pexels-photo-7597560.webp?fit=1846%2C1300&ssl=1","jetpack_sharing_enabled":true,"_links":{"self":[{"href":"https:\/\/www.institut-prevention-sante-longevite.fr\/fr\/wp-json\/wp\/v2\/posts\/5312","targetHints":{"allow":["GET"]}}],"collection":[{"href":"https:\/\/www.institut-prevention-sante-longevite.fr\/fr\/wp-json\/wp\/v2\/posts"}],"about":[{"href":"https:\/\/www.institut-prevention-sante-longevite.fr\/fr\/wp-json\/wp\/v2\/types\/post"}],"author":[{"embeddable":true,"href":"https:\/\/www.institut-prevention-sante-longevite.fr\/fr\/wp-json\/wp\/v2\/users\/5"}],"replies":[{"embeddable":true,"href":"https:\/\/www.institut-prevention-sante-longevite.fr\/fr\/wp-json\/wp\/v2\/comments?post=5312"}],"version-history":[{"count":3,"href":"https:\/\/www.institut-prevention-sante-longevite.fr\/fr\/wp-json\/wp\/v2\/posts\/5312\/revisions"}],"predecessor-version":[{"id":5324,"href":"https:\/\/www.institut-prevention-sante-longevite.fr\/fr\/wp-json\/wp\/v2\/posts\/5312\/revisions\/5324"}],"wp:featuredmedia":[{"embeddable":true,"href":"https:\/\/www.institut-prevention-sante-longevite.fr\/fr\/wp-json\/wp\/v2\/media\/5317"}],"wp:attachment":[{"href":"https:\/\/www.institut-prevention-sante-longevite.fr\/fr\/wp-json\/wp\/v2\/media?parent=5312"}],"wp:term":[{"taxonomy":"category","embeddable":true,"href":"https:\/\/www.institut-prevention-sante-longevite.fr\/fr\/wp-json\/wp\/v2\/categories?post=5312"},{"taxonomy":"post_tag","embeddable":true,"href":"https:\/\/www.institut-prevention-sante-longevite.fr\/fr\/wp-json\/wp\/v2\/tags?post=5312"}],"curies":[{"name":"wp","href":"https:\/\/api.w.org\/{rel}","templated":true}]}}