{"id":6232,"date":"2026-04-27T09:11:43","date_gmt":"2026-04-27T08:11:43","guid":{"rendered":"https:\/\/www.institut-prevention-sante-longevite.fr\/?p=6232"},"modified":"2026-04-27T09:11:46","modified_gmt":"2026-04-27T08:11:46","slug":"medecine-longevite-influenceurs-pratiques-douteuses","status":"publish","type":"post","link":"https:\/\/www.institut-prevention-sante-longevite.fr\/fr\/medecine-longevite-influenceurs-pratiques-douteuses\/","title":{"rendered":"Long\u00e9vit\u00e9 : ce m\u00e9decin parisien alerte sur les pratiques douteuses des influenceurs qui inondent les r\u00e9seaux"},"content":{"rendered":"\n<p>Sur Instagram, TikTok et YouTube, ils s&rsquo;appellent biohackers ou sp\u00e9cialistes de la long\u00e9vit\u00e9. Ils vendent des combinaisons de compl\u00e9ments, des tests ADN \u00e0 79 euros, des s\u00e9ances d&rsquo;oxyg\u00e9noth\u00e9rapie ou des th\u00e9rapies cellulaires. Et un m\u00e9decin parisien de r\u00e9f\u00e9rence vient de prendre la parole pour dire ce que ces vid\u00e9os ne disent jamais.<\/p>\n\n\n\n<figure class=\"wp-block-image size-large\"><a href=\"https:\/\/i0.wp.com\/www.institut-prevention-sante-longevite.fr\/wp-content\/uploads\/2026\/04\/IMG_0052-2-scaled.webp?ssl=1\"><img data-recalc-dims=\"1\" data-dominant-color=\"bababa\" data-has-transparency=\"false\" style=\"--dominant-color: #bababa;\" fetchpriority=\"high\" decoding=\"async\" width=\"800\" height=\"534\" sizes=\"(max-width: 800px) 100vw, 800px\" src=\"https:\/\/i0.wp.com\/www.institut-prevention-sante-longevite.fr\/wp-content\/uploads\/2026\/04\/IMG_0052-2-1024x683.webp?resize=800%2C534&#038;ssl=1\" alt=\"\" class=\"wp-image-6241 not-transparent\" srcset=\"https:\/\/i0.wp.com\/www.institut-prevention-sante-longevite.fr\/wp-content\/uploads\/2026\/04\/IMG_0052-2-scaled.webp?resize=1024%2C683&amp;ssl=1 1024w, https:\/\/i0.wp.com\/www.institut-prevention-sante-longevite.fr\/wp-content\/uploads\/2026\/04\/IMG_0052-2-scaled.webp?resize=300%2C200&amp;ssl=1 300w, https:\/\/i0.wp.com\/www.institut-prevention-sante-longevite.fr\/wp-content\/uploads\/2026\/04\/IMG_0052-2-scaled.webp?resize=768%2C512&amp;ssl=1 768w, https:\/\/i0.wp.com\/www.institut-prevention-sante-longevite.fr\/wp-content\/uploads\/2026\/04\/IMG_0052-2-scaled.webp?resize=1536%2C1024&amp;ssl=1 1536w, https:\/\/i0.wp.com\/www.institut-prevention-sante-longevite.fr\/wp-content\/uploads\/2026\/04\/IMG_0052-2-scaled.webp?resize=2048%2C1365&amp;ssl=1 2048w, https:\/\/i0.wp.com\/www.institut-prevention-sante-longevite.fr\/wp-content\/uploads\/2026\/04\/IMG_0052-2-scaled.webp?w=1600&amp;ssl=1 1600w, https:\/\/i0.wp.com\/www.institut-prevention-sante-longevite.fr\/wp-content\/uploads\/2026\/04\/IMG_0052-2-scaled.webp?w=2400&amp;ssl=1 2400w\" \/><\/a><\/figure>\n\n\n\n<h2 class=\"wp-block-heading\">Trois mondes coexistent, et le troisi\u00e8me est le plus dangereux<\/h2>\n\n\n\n<p>Un patient de 50 ans qui veut \u00ab\u00a0vivre vieux en bonne sant\u00e9\u00a0\u00bb se heurte \u00e0 trois discours diff\u00e9rents. Le premier vient de votre m\u00e9decin traitant : bien manger, bouger, dormir, rester optimiste.<br><br>Le deuxi\u00e8me est port\u00e9 par une m\u00e9decine de la long\u00e9vit\u00e9 \u00e9mergente, qui mesure l&rsquo;\u00e2ge r\u00e9el de vos organes pour ralentir leur vieillissement. Le troisi\u00e8me, sur les r\u00e9seaux sociaux, vend des \u00ab\u00a0solutions miracles\u00a0\u00bb en quelques clics.<br><br>C&rsquo;est ce troisi\u00e8me monde qui inqui\u00e8te le docteur <strong>Christophe de Jaeger<\/strong>, g\u00e9riatre parisien et pr\u00e9sident de la Soci\u00e9t\u00e9 Fran\u00e7aise de M\u00e9decine et Physiologie de la Long\u00e9vit\u00e9. Dans une <a href=\"https:\/\/atlantico.fr\/article\/decryptage\/optimisme-sommeil-restriction-calorique-ce-qui-marche-et-ce-qui-ne-marche-pas-pour-vivre-plus-longtemps-sante-age-bien-etre-entretie-corps-longevite-senescence-Christophe-de-Jaeger\" target=\"_blank\" rel=\"noreferrer noopener\">tribune publi\u00e9e dans Atlantico le 22 avril 2026<\/a>, il a tranch\u00e9 sans diplomatie.<br><br><em>\u00ab\u00a0Les pratiques promues par les influenceurs n&rsquo;appartiennent ni aux sciences de la long\u00e9vit\u00e9 ni \u00e0 la m\u00e9decine. Elles rel\u00e8vent du pur business et peuvent repr\u00e9senter un risque r\u00e9el pour la sant\u00e9.\u00a0\u00bb<\/em><br><br>Le constat n&rsquo;est pas anodin venant d&rsquo;un m\u00e9decin qui a consacr\u00e9 trente ans \u00e0 la s\u00e9nescence. Il vise quatre pratiques pr\u00e9cises que vous croisez probablement chaque semaine.<\/p>\n\n\n\n<h2 class=\"wp-block-heading\">Les compl\u00e9ments alimentaires pris \u00e0 l&rsquo;aveugle peuvent vous nuire<\/h2>\n\n\n\n<p>Premier dossier : les piluliers \u00e0 dix g\u00e9lules par jour vendus comme cure anti-\u00e2ge. Vitamines, om\u00e9ga-3, NAD+, resv\u00e9ratrol, collag\u00e8ne marin, le march\u00e9 du compl\u00e9ment alimentaire <a href=\"https:\/\/www.synadiet.org\/les-complements-alimentaires\/leur-consommation\/\" target=\"_blank\" rel=\"noreferrer noopener\">a atteint 3 milliards d&rsquo;euros en France en 2025<\/a> selon Synadiet, le syndicat professionnel du secteur.<br><br>Le docteur de Jaeger ne nie pas l&rsquo;utilit\u00e9 des compl\u00e9ments. \u00c0 mesure que vous vieillissez, votre corps absorbe et synth\u00e9tise moins bien certaines mol\u00e9cules essentielles, m\u00eame avec une alimentation \u00e9quilibr\u00e9e.<br><br>Mais il pose une condition que les vid\u00e9os ne mentionnent jamais : prendre un compl\u00e9ment \u00e0 l&rsquo;aveugle, sans dosage biologique pr\u00e9alable, est dangereux.<br><br>Un exc\u00e8s de s\u00e9l\u00e9nium peut bloquer les m\u00e9canismes antioxydants tout autant qu&rsquo;une carence, la vitamine D mal dos\u00e9e provoque une hypercalc\u00e9mie, le fer en exc\u00e8s acc\u00e9l\u00e8re le vieillissement cellulaire.<br><br>La seule approche valide repose sur des tests biologiques personnalis\u00e9s en cabinet m\u00e9dical, suivis d&rsquo;une suppl\u00e9mentation cibl\u00e9e. C&rsquo;est plus cher qu&rsquo;une bo\u00eete command\u00e9e en ligne, et cela demande un suivi m\u00e9dical que les biohackers de YouTube ne fournissent pas.<\/p>\n\n\n\n<h2 class=\"wp-block-heading\">Votre montre connect\u00e9e ne sait pas si vous dormez bien<\/h2>\n\n\n\n<p>Deuxi\u00e8me cible : les bracelets, anneaux et montres qui pr\u00e9tendent analyser votre sommeil. Garmin, Apple Watch, Oura Ring, Whoop, le march\u00e9 du <em>wearable<\/em> sant\u00e9 p\u00e8se plusieurs dizaines de milliards de dollars, et les seniors sont devenus une cible majeure.<br><br>Le docteur de Jaeger raconte avoir test\u00e9 ces dispositifs en condition r\u00e9elle pendant plusieurs mois avec des coll\u00e8gues. Le r\u00e9sultat est sans appel : les r\u00e9sultats divergent fortement d&rsquo;un appareil \u00e0 l&rsquo;autre et ne sont pas fiables.<br><br>Une nuit o\u00f9 il est rest\u00e9 \u00e9veill\u00e9 deux heures les yeux ouverts au plafond, le bracelet a m\u00eame indiqu\u00e9 un excellent sommeil.<br><br>Les concepteurs reconnaissent eux-m\u00eames dans leurs conditions g\u00e9n\u00e9rales qu&rsquo;il <strong>ne s&rsquo;agit pas de dispositifs m\u00e9dicaux<\/strong>.<br><br>Cette mise en garde rejoint celle du docteur Brienne Miner, sp\u00e9cialiste du sommeil \u00e0 Yale : surveiller son sommeil avec un gadget peut d\u00e9velopper une <em>orthosomnie<\/em>, une v\u00e9ritable n\u00e9vrose du dormeur, qui d\u00e9grade la qualit\u00e9 m\u00eame du sommeil qu&rsquo;on cherche \u00e0 mesurer.<\/p>\n\n\n\n<p>Si vous suspectez un trouble chronique, votre meilleur alli\u00e9 reste un centre du sommeil fran\u00e7ais recens\u00e9 par l&rsquo;Institut National du Sommeil et de la Vigilance.<\/p>\n\n\n\n<h2 class=\"wp-block-heading\">Les tests ADN d&rsquo;\u00e2ge biologique vendus en ligne sont des leurres marketing<\/h2>\n\n\n\n<p>Troisi\u00e8me arnaque : les tests ADN qui calculent votre \u00ab\u00a0\u00e2ge biologique\u00a0\u00bb pour 79 \u00e0 299 euros, \u00e0 partir d&rsquo;un peu de salive. La promesse est flatteuse.<br><br>Vous avez 60 ans sur votre carte d&rsquo;identit\u00e9, mais 47 ans biologiquement.<br><br>Le docteur de Jaeger explique le m\u00e9canisme r\u00e9el. Ces tests, dits de m\u00e9thylation, mesurent un seul param\u00e8tre : l&rsquo;\u00e9tat d&rsquo;une partie de votre ADN dans vos <strong>cellules sanguines<\/strong>, sans aucun rapport avec l&rsquo;\u00e9tat r\u00e9el des art\u00e8res, du c\u0153ur, des poumons ou du cerveau.<br><br>Le professeur William Mair, sp\u00e9cialiste du m\u00e9tabolisme mol\u00e9culaire \u00e0 la Harvard School of Public Health, partage la critique. Ces tests sont peu sophistiqu\u00e9s et leurs r\u00e9sultats varient consid\u00e9rablement d&rsquo;un laboratoire \u00e0 l&rsquo;autre, parfois pour le m\u00eame \u00e9chantillon.<br><br>Or l&rsquo;\u00e2ge biologique r\u00e9el se mesure organe par organe. La <strong>rigidit\u00e9 art\u00e9rielle<\/strong>, par exemple, se calcule par une mesure non invasive de quelques minutes en cabinet.<br><br>\u00c0 50 ans, vous pouvez parfaitement avoir des art\u00e8res de 75 ans, ce qui r\u00e9v\u00e8le un risque cardiovasculaire majeur. Aucun test ADN salivaire ne vous le dira.<br><br>Vous payez donc 79 euros pour un nombre rond et flatteur, jamais pour un diagnostic actionnable.<\/p>\n\n\n\n<h2 class=\"wp-block-heading\">Restriction calorique et je\u00fbne intermittent : la science vraie, l&rsquo;usage compliqu\u00e9<\/h2>\n\n\n\n<p>Sur la restriction calorique et le je\u00fbne intermittent, le docteur de Jaeger reconna\u00eet que les influenceurs s&rsquo;appuient sur une vraie science. L&rsquo;essai clinique de r\u00e9f\u00e9rence s&rsquo;appelle <strong>CALERIE<\/strong>.<br><br>Lanc\u00e9 par les NIH am\u00e9ricains, il a suivi 220 adultes non-ob\u00e8ses pendant deux ans avec une r\u00e9duction calorique de 25 %. Les r\u00e9sultats publi\u00e9s dans <em>Nature Aging<\/em> en 2023 puis sur medRxiv en f\u00e9vrier 2026 montrent un ralentissement mesurable des marqueurs biologiques de vieillissement.<br><br>Mais l&rsquo;application en vie r\u00e9elle n&rsquo;a rien d&rsquo;\u00e9vident. Manger 25 % de moins chaque jour signifie une faim permanente et une vie sociale qui se r\u00e9tracte.<br><br>De la m\u00eame mani\u00e8re, le je\u00fbne intermittent, plus accessible, ne convient pas \u00e0 tout le monde. Une personne diab\u00e9tique sous insuline ou un senior sous certains traitements s&rsquo;expose ainsi \u00e0 des hypoglyc\u00e9mies s\u00e9v\u00e8res.<\/p>\n\n\n\n<h2 class=\"wp-block-heading\">Le test simple \u00e0 appliquer avant de payer pour une cure anti-\u00e2ge<\/h2>\n\n\n\n<p>Le test d\u00e9cisif est simple : si une promesse de long\u00e9vit\u00e9 ne s&rsquo;accompagne d&rsquo;aucune mesure biologique pr\u00e9alable et d&rsquo;aucun suivi m\u00e9dical, vous \u00eates en territoire commercial, pas m\u00e9dical.<br><br>Avant de d\u00e9bourser plusieurs centaines d&rsquo;euros pour une cure anti-\u00e2ge, posez \u00e0 votre m\u00e9decin traitant la seule question qui compte. Quel test biologique mesure objectivement le b\u00e9n\u00e9fice attendu ?<br><br>S&rsquo;il n&rsquo;existe pas, l&rsquo;argent est perdu.<br><br>Et si la vraie m\u00e9decine de la long\u00e9vit\u00e9 vous int\u00e9resse, demandez \u00e0 votre m\u00e9decin de vous orienter vers un cabinet de g\u00e9rontologie hospitalier ou un centre de pr\u00e9vention rattach\u00e9 \u00e0 un CHU. Ce sont des structures m\u00e9dicales qui pratiquent les bilans physiologiques \u00e9voqu\u00e9s par le docteur de Jaeger, sans le marketing qui va avec.<\/p>\n\n\n\n<p>Ce qu&rsquo;il faut retenir<br><\/p>\n\n\n\n<ul class=\"wp-block-list\">\n<li>Le docteur Christophe de Jaeger, g\u00e9riatre parisien et pr\u00e9sident de la Soci\u00e9t\u00e9 Fran\u00e7aise de M\u00e9decine et Physiologie de la Long\u00e9vit\u00e9, alerte dans Atlantico (22 avril 2026) sur les pratiques de long\u00e9vit\u00e9 promues par les influenceurs : \u00ab\u00a0pur business\u00a0\u00bb et \u00ab\u00a0risque r\u00e9el pour la sant\u00e9\u00a0\u00bb.<\/li>\n\n\n\n<li>Les compl\u00e9ments alimentaires pris \u00e0 l&rsquo;aveugle, sans dosage biologique pr\u00e9alable, peuvent nuire : un exc\u00e8s de s\u00e9l\u00e9nium, de fer ou de vitamine D produit l&rsquo;effet inverse de celui recherch\u00e9.<\/li>\n\n\n\n<li>Les bracelets et montres connect\u00e9s (Garmin, Apple Watch, Oura Ring, Whoop) ne sont pas des dispositifs m\u00e9dicaux et leurs r\u00e9sultats divergent fortement entre appareils, avec un risque document\u00e9 d&rsquo;orthosomnie.<\/li>\n\n\n\n<li>Les tests ADN d&rsquo;\u00e2ge biologique vendus 79 \u00e0 299 euros ne mesurent que les cellules sanguines, sans rapport avec l&rsquo;\u00e9tat r\u00e9el des art\u00e8res, du c\u0153ur ou du cerveau.<\/li>\n\n\n\n<li>Avant de payer pour une cure anti-\u00e2ge, demandez \u00e0 votre m\u00e9decin traitant quel test biologique mesure objectivement le b\u00e9n\u00e9fice promis : sans cette mesure et sans suivi m\u00e9dical, vous \u00eates en territoire commercial, pas m\u00e9dical.<\/li>\n<\/ul>\n\n\n\n<p><strong>Sources :<\/strong><br><em>&#8211; Christophe de Jaeger, \u00ab\u00a0Optimisme, sommeil, restriction calorique : ce qui marche (et ce qui ne marche pas) pour vivre plus longtemps\u00a0\u00bb, Atlantico, 22 avril 2026<br>&#8211; Soci\u00e9t\u00e9 Fran\u00e7aise de M\u00e9decine et Physiologie de la Long\u00e9vit\u00e9, pr\u00e9sentation officielle, 2026<br>&#8211; Brienne Miner, Yale School of Medicine, travaux sur le sommeil et l&rsquo;orthosomnie chez les seniors<br>&#8211; William Mair, Harvard T.H. Chan School of Public Health, critiques publi\u00e9es sur les tests de m\u00e9thylation grand public<br>&#8211; \u00c9tude CALERIE, Pennington Biomedical Research Center, Tufts University, Washington University, NIH, r\u00e9sultats Nature Aging f\u00e9vrier 2023 et medRxiv f\u00e9vrier 2026<br>&#8211; Synadiet, chiffres du march\u00e9 des compl\u00e9ments alimentaires en France, 2025<br>&#8211; Soci\u00e9t\u00e9 Fran\u00e7aise de G\u00e9riatrie et G\u00e9rontologie (SFGG), revue de presse 2024-2026<\/em><\/p>\n\n\n\n<p><\/p>\n\n\n\n<p><\/p>\n\n\n\n<figure class=\"wp-block-image size-medium is-resized is-style-default\"><a href=\"https:\/\/i0.wp.com\/www.institut-prevention-sante-longevite.fr\/wp-content\/uploads\/2023\/10\/Livre-CDJ-2023-jpg.webp?ssl=1\"><img data-recalc-dims=\"1\" data-dominant-color=\"c7c9d4\" data-has-transparency=\"false\" style=\"--dominant-color: #c7c9d4;\" decoding=\"async\" sizes=\"(max-width: 800px) 100vw, 800px\" src=\"https:\/\/i0.wp.com\/www.institut-prevention-sante-longevite.fr\/wp-content\/uploads\/2023\/10\/Livre-CDJ-2023-225x300.webp?resize=195%2C259&#038;ssl=1\" alt=\"\" class=\"wp-image-4652 not-transparent\" width=\"195\" height=\"259\" srcset=\"https:\/\/i0.wp.com\/www.institut-prevention-sante-longevite.fr\/wp-content\/uploads\/2023\/10\/Livre-CDJ-2023-jpg.webp?resize=225%2C300&amp;ssl=1 225w, https:\/\/i0.wp.com\/www.institut-prevention-sante-longevite.fr\/wp-content\/uploads\/2023\/10\/Livre-CDJ-2023-jpg.webp?w=448&amp;ssl=1 448w\" \/><\/a><\/figure>\n\n\n\n<p>Le <a href=\"https:\/\/fr.wikipedia.org\/wiki\/Christophe_de_Jaeger\" target=\"_blank\" rel=\"noreferrer noopener\">Docteur Christophe de Jaeger<\/a> est m\u00e9decin et son travail est centr\u00e9 sur la physiologie de la s\u00e9nescence depuis plus de 30 ans.<\/p>\n\n\n\n<p>Il a d\u00e9velopp\u00e9 en particulier la notion d\u2019\u00e2ge physiologique (diff\u00e9rent de l\u2019\u00e2ge chronologique et<\/p>\n\n\n\n<p>de l\u2019\u00e2ge ressenti) et sa prise en charge afin d\u2019optimiser le capital sant\u00e9 de chacun et de lui conserver le plus longtemps possible ses capacit\u00e9s physiologiques. En d\u2019autres termes, rester en bonne sant\u00e9 le plus longtemps possible.<\/p>\n\n\n\n<p>De formation initiale g\u00e9rontologue, il a rapidement compl\u00e9t\u00e9 son cursus \u00e0 la facult\u00e9 des sciences en biologie de la s\u00e9nescence. Il enseigne \u00e0 la facult\u00e9 de m\u00e9decine de Paris et de Lille et \u00e9galement \u00e0 la facult\u00e9 des sciences dans le Master de biologie du vieillissement. Il a \u00e9crit ou co\u00e9crit de nombreux livres dont une dizaine grand public, ainsi que de nombreux articles scientifiques.<\/p>\n\n\n\n<p>Son dernier ouvrage grand public \u00a0\u00bb<a href=\"https:\/\/www.amazon.fr\/dp\/2813229954?tag=doctissimo01-azz-94-21\" target=\"_blank\" rel=\"noreferrer noopener\">M\u00e9decine de la Long\u00e9vit\u00e9 : Une r\u00e9volution !<\/a>\u00a0\u00bb est publi\u00e9 en octobre 2023 chez Guy Tr\u00e9daniel \u00e9diteur.<\/p>\n","protected":false},"excerpt":{"rendered":"<p>Sur Instagram, TikTok et YouTube, ils s&rsquo;appellent biohackers ou sp\u00e9cialistes de la long\u00e9vit\u00e9. Ils vendent des combinaisons de compl\u00e9ments, des tests ADN \u00e0 79 euros, des s\u00e9ances d&rsquo;oxyg\u00e9noth\u00e9rapie ou des th\u00e9rapies cellulaires. Et un m\u00e9decin parisien de r\u00e9f\u00e9rence vient de prendre la parole pour dire ce que ces vid\u00e9os ne disent jamais. Trois mondes coexistent, [&hellip;]<\/p>\n","protected":false},"author":5,"featured_media":6246,"comment_status":"closed","ping_status":"closed","sticky":false,"template":"","format":"standard","meta":{"_acf_changed":false,"_jetpack_memberships_contains_paid_content":false,"footnotes":""},"categories":[40],"tags":[],"class_list":["post-6232","post","type-post","status-publish","format-standard","has-post-thumbnail","hentry","category-actualites"],"acf":[],"jetpack_featured_media_url":"https:\/\/i0.wp.com\/www.institut-prevention-sante-longevite.fr\/wp-content\/uploads\/2026\/04\/pexels-photo-6303715.webp?fit=1880%2C1278&ssl=1","jetpack_sharing_enabled":true,"_links":{"self":[{"href":"https:\/\/www.institut-prevention-sante-longevite.fr\/fr\/wp-json\/wp\/v2\/posts\/6232","targetHints":{"allow":["GET"]}}],"collection":[{"href":"https:\/\/www.institut-prevention-sante-longevite.fr\/fr\/wp-json\/wp\/v2\/posts"}],"about":[{"href":"https:\/\/www.institut-prevention-sante-longevite.fr\/fr\/wp-json\/wp\/v2\/types\/post"}],"author":[{"embeddable":true,"href":"https:\/\/www.institut-prevention-sante-longevite.fr\/fr\/wp-json\/wp\/v2\/users\/5"}],"replies":[{"embeddable":true,"href":"https:\/\/www.institut-prevention-sante-longevite.fr\/fr\/wp-json\/wp\/v2\/comments?post=6232"}],"version-history":[{"count":2,"href":"https:\/\/www.institut-prevention-sante-longevite.fr\/fr\/wp-json\/wp\/v2\/posts\/6232\/revisions"}],"predecessor-version":[{"id":6250,"href":"https:\/\/www.institut-prevention-sante-longevite.fr\/fr\/wp-json\/wp\/v2\/posts\/6232\/revisions\/6250"}],"wp:featuredmedia":[{"embeddable":true,"href":"https:\/\/www.institut-prevention-sante-longevite.fr\/fr\/wp-json\/wp\/v2\/media\/6246"}],"wp:attachment":[{"href":"https:\/\/www.institut-prevention-sante-longevite.fr\/fr\/wp-json\/wp\/v2\/media?parent=6232"}],"wp:term":[{"taxonomy":"category","embeddable":true,"href":"https:\/\/www.institut-prevention-sante-longevite.fr\/fr\/wp-json\/wp\/v2\/categories?post=6232"},{"taxonomy":"post_tag","embeddable":true,"href":"https:\/\/www.institut-prevention-sante-longevite.fr\/fr\/wp-json\/wp\/v2\/tags?post=6232"}],"curies":[{"name":"wp","href":"https:\/\/api.w.org\/{rel}","templated":true}]}}